{"id":112245,"date":"2021-03-01T11:34:01","date_gmt":"2021-03-01T16:34:01","guid":{"rendered":"https:\/\/linitiative.ca\/International\/le-maroc-suspend-les-vols-avec-la-belgique-et-litalie\/"},"modified":"2021-03-01T11:34:01","modified_gmt":"2021-03-01T16:34:01","slug":"le-maroc-suspend-les-vols-avec-la-belgique-et-litalie","status":"publish","type":"post","link":"https:\/\/linitiative.ca\/International\/le-maroc-suspend-les-vols-avec-la-belgique-et-litalie\/","title":{"rendered":"Le Maroc suspend les vols avec la Belgique et l&rsquo;Italie"},"content":{"rendered":"<p class=\"rtejustify\">Le Maroc ferme son espace a\u00e9rien \u00e0 deux autres pays. D&rsquo;apr\u00e8s la compagnie Air Arabia, le Royaume a d\u00e9cid\u00e9 de suspendre les vols en provenance et \u00e0 destination de la Belgique et de l&rsquo;Italie.<\/p>\n<p class=\"rtejustify\">\u00ab\u00a0Conform\u00e9ment aux derni\u00e8res directives marocaines, les vols du Maroc vers l&rsquo;Italie et la Belgique sont suspendus \u00e0 partir de minuit jusqu&rsquo;\u00e0 nouvel ordre\u00a0\u00bb, indique la compagnie, pr\u00e9cisant que les vols vers l&rsquo;Espagne et la France restent disponibles.<\/p>\n<p>Auteur: hgueye<br \/>\n<a href=\"https:\/\/www.leconomiste.com\/flash-infos\/le-maroc-suspend-les-vols-avec-la-belgique-et-l-italie\">Cliquez ici pour lire l&rsquo;article depuis sa source.<\/a><\/p>\n","protected":false},"excerpt":{"rendered":"<p>Le Maroc ferme son espace a\u00e9rien \u00e0 deux autres pays. D&rsquo;apr\u00e8s la compagnie Air Arabia, le Royaume a d\u00e9cid\u00e9 de suspendre les vols en provenance et \u00e0 destination de la Belgique et de l&rsquo;Italie. \u00ab\u00a0Conform\u00e9ment aux derni\u00e8res directives marocaines, les vols du Maroc vers l&rsquo;Italie et la Belgique sont suspendus \u00e0 partir de minuit jusqu&rsquo;\u00e0 [&hellip;]<\/p>\n","protected":false},"author":1763,"featured_media":0,"comment_status":"closed","ping_status":"closed","sticky":false,"template":"","format":"standard","meta":{"fifu_image_url":"","fifu_image_alt":"","footnotes":""},"categories":[78,54],"tags":[],"class_list":["post-112245","post","type-post","status-publish","format-standard","hentry","category-economie","category-maroc"],"_links":{"self":[{"href":"https:\/\/linitiative.ca\/International\/wp-json\/wp\/v2\/posts\/112245","targetHints":{"allow":["GET"]}}],"collection":[{"href":"https:\/\/linitiative.ca\/International\/wp-json\/wp\/v2\/posts"}],"about":[{"href":"https:\/\/linitiative.ca\/International\/wp-json\/wp\/v2\/types\/post"}],"author":[{"embeddable":true,"href":"https:\/\/linitiative.ca\/International\/wp-json\/wp\/v2\/users\/1763"}],"replies":[{"embeddable":true,"href":"https:\/\/linitiative.ca\/International\/wp-json\/wp\/v2\/comments?post=112245"}],"version-history":[{"count":0,"href":"https:\/\/linitiative.ca\/International\/wp-json\/wp\/v2\/posts\/112245\/revisions"}],"wp:attachment":[{"href":"https:\/\/linitiative.ca\/International\/wp-json\/wp\/v2\/media?parent=112245"}],"wp:term":[{"taxonomy":"category","embeddable":true,"href":"https:\/\/linitiative.ca\/International\/wp-json\/wp\/v2\/categories?post=112245"},{"taxonomy":"post_tag","embeddable":true,"href":"https:\/\/linitiative.ca\/International\/wp-json\/wp\/v2\/tags?post=112245"}],"curies":[{"name":"wp","href":"https:\/\/api.w.org\/{rel}","templated":true}]}}