{"id":112246,"date":"2021-03-01T12:00:30","date_gmt":"2021-03-01T17:00:30","guid":{"rendered":"https:\/\/linitiative.ca\/International\/en-images-tetouan-les-fortes-precipitations-mettent-a-mal-les-infrastructures\/"},"modified":"2021-03-01T12:00:30","modified_gmt":"2021-03-01T17:00:30","slug":"en-images-tetouan-les-fortes-precipitations-mettent-a-mal-les-infrastructures","status":"publish","type":"post","link":"https:\/\/linitiative.ca\/International\/en-images-tetouan-les-fortes-precipitations-mettent-a-mal-les-infrastructures\/","title":{"rendered":"EN IMAGES\/ T\u00e9touan: Les fortes pr\u00e9cipitations mettent \u00e0 mal les infrastructures"},"content":{"rendered":"<p class=\"rtejustify\">La ville de T\u00e9touan a connu ce lundi apr\u00e8s-midi de tr\u00e8s fortes pr\u00e9cipitations accompagn\u00e9es d\u2019orages ont qui ont mis \u00e0 mal les infrastructures et la voirie. Selon des t\u00e9moins sur place, les fortes pluies charriant d\u00e9bris, de la boue et m\u00eame des v\u00e9hicules ont inond\u00e9 les quartiers de Coelma, Condessa et Kodiat Sbaa. A noter que la Direction g\u00e9n\u00e9rale de la m\u00e9t\u00e9orologie avait averti dans une note que la r\u00e9gion serait balay\u00e9e par de fortes averses parfois orageuses et des chutes de neige du dimanche au mardi avec de fortes averses (30 \u00e0 50mm) accompagn\u00e9es de gr\u00eale dans les provinces d&rsquo;Al Hoceima, Chefchaouen, Driouch, Guercif, Nador, Taourirt, Taza et T\u00e9touan.<\/p>\n<p class=\"rtejustify\"><em>A.A.<\/em><\/p>\n<p>Auteur: hgueye<br \/>\n<a href=\"https:\/\/www.leconomiste.com\/flash-infos\/en-images-tetouan-les-fortes-precipitations-mettent-mal-les-infrastructures\">Cliquez ici pour lire l&rsquo;article depuis sa source.<\/a><\/p>\n","protected":false},"excerpt":{"rendered":"<p>La ville de T\u00e9touan a connu ce lundi apr\u00e8s-midi de tr\u00e8s fortes pr\u00e9cipitations accompagn\u00e9es d\u2019orages ont qui ont mis \u00e0 mal les infrastructures et la voirie. Selon des t\u00e9moins sur place, les fortes pluies charriant d\u00e9bris, de la boue et m\u00eame des v\u00e9hicules ont inond\u00e9 les quartiers de Coelma, Condessa et Kodiat Sbaa. A noter [&hellip;]<\/p>\n","protected":false},"author":1763,"featured_media":0,"comment_status":"closed","ping_status":"closed","sticky":false,"template":"","format":"standard","meta":{"fifu_image_url":"","fifu_image_alt":"","footnotes":""},"categories":[78,54],"tags":[],"class_list":["post-112246","post","type-post","status-publish","format-standard","hentry","category-economie","category-maroc"],"_links":{"self":[{"href":"https:\/\/linitiative.ca\/International\/wp-json\/wp\/v2\/posts\/112246","targetHints":{"allow":["GET"]}}],"collection":[{"href":"https:\/\/linitiative.ca\/International\/wp-json\/wp\/v2\/posts"}],"about":[{"href":"https:\/\/linitiative.ca\/International\/wp-json\/wp\/v2\/types\/post"}],"author":[{"embeddable":true,"href":"https:\/\/linitiative.ca\/International\/wp-json\/wp\/v2\/users\/1763"}],"replies":[{"embeddable":true,"href":"https:\/\/linitiative.ca\/International\/wp-json\/wp\/v2\/comments?post=112246"}],"version-history":[{"count":0,"href":"https:\/\/linitiative.ca\/International\/wp-json\/wp\/v2\/posts\/112246\/revisions"}],"wp:attachment":[{"href":"https:\/\/linitiative.ca\/International\/wp-json\/wp\/v2\/media?parent=112246"}],"wp:term":[{"taxonomy":"category","embeddable":true,"href":"https:\/\/linitiative.ca\/International\/wp-json\/wp\/v2\/categories?post=112246"},{"taxonomy":"post_tag","embeddable":true,"href":"https:\/\/linitiative.ca\/International\/wp-json\/wp\/v2\/tags?post=112246"}],"curies":[{"name":"wp","href":"https:\/\/api.w.org\/{rel}","templated":true}]}}