{"id":112247,"date":"2021-03-01T12:15:17","date_gmt":"2021-03-01T17:15:17","guid":{"rendered":"https:\/\/linitiative.ca\/International\/covid19-356-millions-de-personnes-vaccinees-plus-de-230-000-recoivent-leur-2e-dose\/"},"modified":"2021-03-01T12:15:17","modified_gmt":"2021-03-01T17:15:17","slug":"covid19-356-millions-de-personnes-vaccinees-plus-de-230-000-recoivent-leur-2e-dose","status":"publish","type":"post","link":"https:\/\/linitiative.ca\/International\/covid19-356-millions-de-personnes-vaccinees-plus-de-230-000-recoivent-leur-2e-dose\/","title":{"rendered":"Covid19: 3,56 millions de personnes vaccin\u00e9es, plus de 230.000 re\u00e7oivent leur 2e dose"},"content":{"rendered":"<p class=\"rtejustify\">Le Maroc a enregistr\u00e9 <strong>112<\/strong> nouveaux cas de Covid19 durant les derni\u00e8res 24 heures, ce qui porte le total \u00e0 <strong>483.766<\/strong> cas confirm\u00e9s, d&rsquo;apr\u00e8s le nouveau bilan du minist\u00e8re de la Sant\u00e9 de ce lundi 1er mars 2021. Le nombre de personnes vaccin\u00e9es se chiffre \u00e0 <strong>3.568.670<\/strong>, dont plus de <strong>132.000<\/strong> vaccin\u00e9es en 24 heures,\u00a0indique \u00e9galement le minist\u00e8re. <strong>232.980<\/strong> personnes ont pris leur 2e dose du vaccin. Casablanca-Settat a enregistr\u00e9 <strong>50<\/strong> nouveaux cas, alors que la r\u00e9gion de Rabat-Sal\u00e9-K\u00e9nitra en compte <strong>20<\/strong>. Au total,\u00a0<strong>4.795\u00a0<\/strong>nouveaux tests ont \u00e9t\u00e9 r\u00e9alis\u00e9s.<\/p>\n<p class=\"rtejustify\">Quant au nombre de d\u00e9c\u00e8s, il s&rsquo;\u00e9tablit \u00e0 <strong>8.637<\/strong>, soit <strong>14<\/strong> morts de plus en 24 heures (taux de l\u00e9talit\u00e9 1,8%), alors que <strong>299<\/strong> nouvelles gu\u00e9risons ont \u00e9t\u00e9 recens\u00e9es, soit au total <strong>469.345<\/strong>\u00a0(taux de gu\u00e9rison 97%). Le nombre de cas encore actifs atteint <strong>5.784<\/strong>, dont <strong>394<\/strong>\u00a0s\u00e9v\u00e8res. Parmi ces derniers, <strong>28<\/strong> sont sous intubation, alors que <strong>225<\/strong> sont sous ventilation non invasive. Par ailleurs, le taux d&rsquo;occupation des lits d\u00e9di\u00e9s au Covid-19 atteint 12,8%.<\/p>\n<p>Auteur: hgueye<br \/>\n<a href=\"https:\/\/www.leconomiste.com\/flash-infos\/covid19-millions-de-personnes-vaccinees-1\">Cliquez ici pour lire l&rsquo;article depuis sa source.<\/a><\/p>\n","protected":false},"excerpt":{"rendered":"<p>Le Maroc a enregistr\u00e9 112 nouveaux cas de Covid19 durant les derni\u00e8res 24 heures, ce qui porte le total \u00e0 483.766 cas confirm\u00e9s, d&rsquo;apr\u00e8s le nouveau bilan du minist\u00e8re de la Sant\u00e9 de ce lundi 1er mars 2021. Le nombre de personnes vaccin\u00e9es se chiffre \u00e0 3.568.670, dont plus de 132.000 vaccin\u00e9es en 24 heures,\u00a0indique [&hellip;]<\/p>\n","protected":false},"author":1763,"featured_media":0,"comment_status":"closed","ping_status":"closed","sticky":false,"template":"","format":"standard","meta":{"fifu_image_url":"","fifu_image_alt":"","footnotes":""},"categories":[78,54],"tags":[],"class_list":["post-112247","post","type-post","status-publish","format-standard","hentry","category-economie","category-maroc"],"_links":{"self":[{"href":"https:\/\/linitiative.ca\/International\/wp-json\/wp\/v2\/posts\/112247","targetHints":{"allow":["GET"]}}],"collection":[{"href":"https:\/\/linitiative.ca\/International\/wp-json\/wp\/v2\/posts"}],"about":[{"href":"https:\/\/linitiative.ca\/International\/wp-json\/wp\/v2\/types\/post"}],"author":[{"embeddable":true,"href":"https:\/\/linitiative.ca\/International\/wp-json\/wp\/v2\/users\/1763"}],"replies":[{"embeddable":true,"href":"https:\/\/linitiative.ca\/International\/wp-json\/wp\/v2\/comments?post=112247"}],"version-history":[{"count":0,"href":"https:\/\/linitiative.ca\/International\/wp-json\/wp\/v2\/posts\/112247\/revisions"}],"wp:attachment":[{"href":"https:\/\/linitiative.ca\/International\/wp-json\/wp\/v2\/media?parent=112247"}],"wp:term":[{"taxonomy":"category","embeddable":true,"href":"https:\/\/linitiative.ca\/International\/wp-json\/wp\/v2\/categories?post=112247"},{"taxonomy":"post_tag","embeddable":true,"href":"https:\/\/linitiative.ca\/International\/wp-json\/wp\/v2\/tags?post=112247"}],"curies":[{"name":"wp","href":"https:\/\/api.w.org\/{rel}","templated":true}]}}