{"id":112248,"date":"2021-03-01T15:14:01","date_gmt":"2021-03-01T20:14:01","guid":{"rendered":"https:\/\/linitiative.ca\/International\/international-le-real-madrid-compte-toujours-sur-martin-odegaard\/"},"modified":"2021-03-01T15:14:01","modified_gmt":"2021-03-01T20:14:01","slug":"international-le-real-madrid-compte-toujours-sur-martin-odegaard","status":"publish","type":"post","link":"https:\/\/linitiative.ca\/International\/international-le-real-madrid-compte-toujours-sur-martin-odegaard\/","title":{"rendered":"International : Le Real Madrid compte toujours sur Martin Odegaard"},"content":{"rendered":"<div readability=\"32\">\n<p>Auteur : <span class=\"time\">lundi 01 mars 2021 15:30<\/span><\/p>\n<\/div>\n<div id=\"post_core\" readability=\"38\">\n<p>D&rsquo;apr\u00e8s Les-Transferts et Marca,\u00a0le club garde un oeil sur le jeune international norv\u00e9gien et un retour cet \u00e9t\u00e9 est pr\u00e9vu. Une mauvaise nouvelle pour les Gunners qui n\u2019auraient pas dit non \u00e0 un transfert d\u00e9finitif. Odegaard est li\u00e9 au club de la capitale espagnole jusqu\u2019en juin 2024 et semble retrouver sa forme du c\u00f4t\u00e9 de Londres.<\/p>\n<p><strong>Publi\u00e9 dans :<\/strong> <span>real madrid<\/span> <span>Martin Odegaard<\/span><\/p>\n<\/div>\n<p>Auteur:<br \/>\n<a href=\"http:\/\/www.lebuteur.com\/article\/detail?titre=le-real-madrid-compte-toujours-sur-martin-odegaard&#038;id=99242&#038;utm_source=feedburner&#038;utm_medium=feed&#038;utm_campaign=Feed%3A+GalerieFArtciles+%28Les+derniers+articles++-+lebuteur.com%29\">Cliquez ici pour lire l&rsquo;article depuis sa source.<\/a><\/p>\n","protected":false},"excerpt":{"rendered":"<p>Auteur : lundi 01 mars 2021 15:30 D&rsquo;apr\u00e8s Les-Transferts et Marca,\u00a0le club garde un oeil sur le jeune international norv\u00e9gien et un retour cet \u00e9t\u00e9 est pr\u00e9vu. Une mauvaise nouvelle pour les Gunners qui n\u2019auraient pas dit non \u00e0 un transfert d\u00e9finitif. Odegaard est li\u00e9 au club de la capitale espagnole jusqu\u2019en juin 2024 et [&hellip;]<\/p>\n","protected":false},"author":1738,"featured_media":0,"comment_status":"closed","ping_status":"closed","sticky":false,"template":"","format":"standard","meta":{"fifu_image_url":"\/\/cdn.lebuteur.com\/data\/images\/article\/thumbs\/large-99242le-real-madrid-compte-toujours-sur-martin-odegaard-46fd7.jpg","fifu_image_alt":"International : Le Real Madrid compte toujours sur Martin Odegaard","footnotes":""},"categories":[53,75],"tags":[],"class_list":["post-112248","post","type-post","status-publish","format-standard","hentry","category-algerie","category-sport"],"_links":{"self":[{"href":"https:\/\/linitiative.ca\/International\/wp-json\/wp\/v2\/posts\/112248","targetHints":{"allow":["GET"]}}],"collection":[{"href":"https:\/\/linitiative.ca\/International\/wp-json\/wp\/v2\/posts"}],"about":[{"href":"https:\/\/linitiative.ca\/International\/wp-json\/wp\/v2\/types\/post"}],"author":[{"embeddable":true,"href":"https:\/\/linitiative.ca\/International\/wp-json\/wp\/v2\/users\/1738"}],"replies":[{"embeddable":true,"href":"https:\/\/linitiative.ca\/International\/wp-json\/wp\/v2\/comments?post=112248"}],"version-history":[{"count":0,"href":"https:\/\/linitiative.ca\/International\/wp-json\/wp\/v2\/posts\/112248\/revisions"}],"wp:attachment":[{"href":"https:\/\/linitiative.ca\/International\/wp-json\/wp\/v2\/media?parent=112248"}],"wp:term":[{"taxonomy":"category","embeddable":true,"href":"https:\/\/linitiative.ca\/International\/wp-json\/wp\/v2\/categories?post=112248"},{"taxonomy":"post_tag","embeddable":true,"href":"https:\/\/linitiative.ca\/International\/wp-json\/wp\/v2\/tags?post=112248"}],"curies":[{"name":"wp","href":"https:\/\/api.w.org\/{rel}","templated":true}]}}