{"id":112249,"date":"2021-03-01T15:14:04","date_gmt":"2021-03-01T20:14:04","guid":{"rendered":"https:\/\/linitiative.ca\/International\/pros-ac-milan-bonne-nouvelle-pour-bennacer-2\/"},"modified":"2021-03-01T15:14:04","modified_gmt":"2021-03-01T20:14:04","slug":"pros-ac-milan-bonne-nouvelle-pour-bennacer-2","status":"publish","type":"post","link":"https:\/\/linitiative.ca\/International\/pros-ac-milan-bonne-nouvelle-pour-bennacer-2\/","title":{"rendered":"Pros : AC Milan: Bonne nouvelle pour Bennacer"},"content":{"rendered":"<div readability=\"32\">\n<p>Auteur : <span>Riad O.<\/span> <span class=\"time\">lundi 01 mars 2021 18:00<\/span><\/p>\n<\/div>\n<div id=\"post_core\" readability=\"39\">\n<p>Le joueur milieu de terrain Alg\u00e9rien de l\u2019AC Milan, Isma\u00ebl Bennacer a re\u00e7u de bonnes nouvelles concernant la blessure qu\u2019il a contract\u00e9e r\u00e9cemment. Selon le m\u00e9dia Italie, Corriere dello Sport, le meilleur joueur de la CAN 2019 se remet bien de sa blessure \u00e0 la cuisse droite. D\u2019apr\u00e8s la m\u00eame source toujours, il est possible que Bennacer fasse son retour sur les terrains lors du prochain match du club lombard en S\u00e9rie A face \u00e0 l\u2019Udinese.<\/p>\n<p><span class=\"c1\"><strong>Riad O.<\/strong><\/span><\/p>\n<p><strong>Publi\u00e9 dans :<\/strong> <span>BENNACER<\/span><\/p>\n<\/div>\n<p>Auteur:<br \/>\n<a href=\"http:\/\/www.lebuteur.com\/article\/detail?titre=ac-milan-bonne-nouvelle-pour-bennacer&#038;id=99243&#038;utm_source=feedburner&#038;utm_medium=feed&#038;utm_campaign=Feed%3A+GalerieFArtciles+%28Les+derniers+articles++-+lebuteur.com%29\">Cliquez ici pour lire l&rsquo;article depuis sa source.<\/a><\/p>\n","protected":false},"excerpt":{"rendered":"<p>Auteur : Riad O. lundi 01 mars 2021 18:00 Le joueur milieu de terrain Alg\u00e9rien de l\u2019AC Milan, Isma\u00ebl Bennacer a re\u00e7u de bonnes nouvelles concernant la blessure qu\u2019il a contract\u00e9e r\u00e9cemment. Selon le m\u00e9dia Italie, Corriere dello Sport, le meilleur joueur de la CAN 2019 se remet bien de sa blessure \u00e0 la cuisse [&hellip;]<\/p>\n","protected":false},"author":1738,"featured_media":0,"comment_status":"closed","ping_status":"closed","sticky":false,"template":"","format":"standard","meta":{"fifu_image_url":"\/\/cdn.lebuteur.com\/data\/images\/article\/thumbs\/large-ac-milan-bonne-nouvelle-pour-bennacer-dfb40.jpg","fifu_image_alt":"Pros : AC Milan: Bonne nouvelle pour Bennacer","footnotes":""},"categories":[53,75],"tags":[],"class_list":["post-112249","post","type-post","status-publish","format-standard","hentry","category-algerie","category-sport"],"_links":{"self":[{"href":"https:\/\/linitiative.ca\/International\/wp-json\/wp\/v2\/posts\/112249","targetHints":{"allow":["GET"]}}],"collection":[{"href":"https:\/\/linitiative.ca\/International\/wp-json\/wp\/v2\/posts"}],"about":[{"href":"https:\/\/linitiative.ca\/International\/wp-json\/wp\/v2\/types\/post"}],"author":[{"embeddable":true,"href":"https:\/\/linitiative.ca\/International\/wp-json\/wp\/v2\/users\/1738"}],"replies":[{"embeddable":true,"href":"https:\/\/linitiative.ca\/International\/wp-json\/wp\/v2\/comments?post=112249"}],"version-history":[{"count":0,"href":"https:\/\/linitiative.ca\/International\/wp-json\/wp\/v2\/posts\/112249\/revisions"}],"wp:attachment":[{"href":"https:\/\/linitiative.ca\/International\/wp-json\/wp\/v2\/media?parent=112249"}],"wp:term":[{"taxonomy":"category","embeddable":true,"href":"https:\/\/linitiative.ca\/International\/wp-json\/wp\/v2\/categories?post=112249"},{"taxonomy":"post_tag","embeddable":true,"href":"https:\/\/linitiative.ca\/International\/wp-json\/wp\/v2\/tags?post=112249"}],"curies":[{"name":"wp","href":"https:\/\/api.w.org\/{rel}","templated":true}]}}