{"id":112250,"date":"2021-03-01T15:14:07","date_gmt":"2021-03-01T20:14:07","guid":{"rendered":"https:\/\/linitiative.ca\/International\/afrique-elections-de-la-caf-accord-entre-les-quatre-candidats\/"},"modified":"2021-03-01T15:14:07","modified_gmt":"2021-03-01T20:14:07","slug":"afrique-elections-de-la-caf-accord-entre-les-quatre-candidats","status":"publish","type":"post","link":"https:\/\/linitiative.ca\/International\/afrique-elections-de-la-caf-accord-entre-les-quatre-candidats\/","title":{"rendered":"Afrique : Elections de la CAF: accord entre les quatre candidats"},"content":{"rendered":"<div readability=\"32\">\n<p>Auteur : <span>APS<\/span> <span class=\"time\">lundi 01 mars 2021 18:03<\/span><\/p>\n<\/div>\n<div id=\"post_core\" readability=\"56\">\n<p>La F\u00e9d\u00e9ration internationale de football (FIFA), sous la pr\u00e9sidence de Gianni Infantino, a fini par trouver un compris entre les quatre candidats en lice pour la pr\u00e9sidence de la Conf\u00e9d\u00e9ration africaine de football (CAF), dont l&rsquo;\u00e9lection est pr\u00e9vue le 12 mars \u00e0 Rabat, croit savoir le journal s\u00e9n\u00e9galais Sud. Selon la m\u00eame source, le Sud-africain Patrice Motsepe va arborer le costume de pr\u00e9sident de l&rsquo;instance africaine, le S\u00e9n\u00e9galais Augustin Senghor sera son 1er vice-pr\u00e9sident et le Mauritanien Ahmed Yahya le 2e vice-pr\u00e9sident. Quant \u00e0 l&rsquo;Ivoirien Jacques Anouma, il sera nomm\u00e9 Conseiller sp\u00e9cial du pr\u00e9sident. C&rsquo;est ce qui ressort de ce qui est d\u00e9sormais convenu d\u2019appeler le \u00ab\u00a0protocole de Rabat\u00a0\u00bb, auquel les diff\u00e9rents protagonistes ont pris part, ce week-end dans la capitale administrative du Maroc, aux c\u00f4t\u00e9s de deux repr\u00e9sentants de Gianni Infantino : le directeur de la division Associations membres de la FIFA, le Congolais V\u00e9ron Mosengo-Omba et le principal assistant du pr\u00e9sident de la Fifa, le Su\u00e9dois Mattias Grafstrom. D&rsquo;apr\u00e8s le quotidien s\u00e9n\u00e9galais, citant des sources concordantes, Gianni Infantino, dont la pr\u00e9sence \u00e0 Rabat \u00e9tait \u00e9tonnement annonc\u00e9e, a finalement envoy\u00e9 des \u00e9missaires qui, eux non plus, n&rsquo;\u00e9taient pr\u00e9vus pour cette rencontre dite de la \u00ab\u00a0derni\u00e8re chance\u00a0\u00bb entre Augustin Senghor, Jacques Anouma et Ahmed Yahya. Les quatre candidats sont attendus d&rsquo;ailleurs samedi prochain \u00e0 Nouakchott (Mauritanie) pour assister \u00e0 la finale de la Coupe d&rsquo;Afrique des nations des moins de 20 ans. Quant au cinqui\u00e8me candidat, le pr\u00e9sident sortant Ahmad Ahmad, il sera fix\u00e9 sur son sort mardi ou mercredi au plus tard avec l&rsquo;annonce de la d\u00e9cision du Tribunal arbitral des sports (TAS) concernant la demande d&rsquo;annulation de sa suspension pour d\u00e9tournements de fonds d\u00e9cid\u00e9e en novembre dernier par la FIFA.<\/p>\n<p><strong>Publi\u00e9 dans :<\/strong> <span>caf<\/span><\/p>\n<\/div>\n<p>Auteur:<br \/>\n<a href=\"http:\/\/www.lebuteur.com\/article\/detail?titre=elections-de-la-caf-accord-entre-les-quatre-candidats&#038;id=99244&#038;utm_source=feedburner&#038;utm_medium=feed&#038;utm_campaign=Feed%3A+GalerieFArtciles+%28Les+derniers+articles++-+lebuteur.com%29\">Cliquez ici pour lire l&rsquo;article depuis sa source.<\/a><\/p>\n","protected":false},"excerpt":{"rendered":"<p>Auteur : APS lundi 01 mars 2021 18:03 La F\u00e9d\u00e9ration internationale de football (FIFA), sous la pr\u00e9sidence de Gianni Infantino, a fini par trouver un compris entre les quatre candidats en lice pour la pr\u00e9sidence de la Conf\u00e9d\u00e9ration africaine de football (CAF), dont l&rsquo;\u00e9lection est pr\u00e9vue le 12 mars \u00e0 Rabat, croit savoir le journal [&hellip;]<\/p>\n","protected":false},"author":1738,"featured_media":0,"comment_status":"closed","ping_status":"closed","sticky":false,"template":"","format":"standard","meta":{"fifu_image_url":"\/\/cdn.lebuteur.com\/data\/images\/article\/thumbs\/large-elections-de-la-caf-accord-entre-les-quatre-candidats-53c20.jpg","fifu_image_alt":"Afrique : Elections de la CAF: accord entre les quatre candidats","footnotes":""},"categories":[53,75],"tags":[],"class_list":["post-112250","post","type-post","status-publish","format-standard","hentry","category-algerie","category-sport"],"_links":{"self":[{"href":"https:\/\/linitiative.ca\/International\/wp-json\/wp\/v2\/posts\/112250","targetHints":{"allow":["GET"]}}],"collection":[{"href":"https:\/\/linitiative.ca\/International\/wp-json\/wp\/v2\/posts"}],"about":[{"href":"https:\/\/linitiative.ca\/International\/wp-json\/wp\/v2\/types\/post"}],"author":[{"embeddable":true,"href":"https:\/\/linitiative.ca\/International\/wp-json\/wp\/v2\/users\/1738"}],"replies":[{"embeddable":true,"href":"https:\/\/linitiative.ca\/International\/wp-json\/wp\/v2\/comments?post=112250"}],"version-history":[{"count":0,"href":"https:\/\/linitiative.ca\/International\/wp-json\/wp\/v2\/posts\/112250\/revisions"}],"wp:attachment":[{"href":"https:\/\/linitiative.ca\/International\/wp-json\/wp\/v2\/media?parent=112250"}],"wp:term":[{"taxonomy":"category","embeddable":true,"href":"https:\/\/linitiative.ca\/International\/wp-json\/wp\/v2\/categories?post=112250"},{"taxonomy":"post_tag","embeddable":true,"href":"https:\/\/linitiative.ca\/International\/wp-json\/wp\/v2\/tags?post=112250"}],"curies":[{"name":"wp","href":"https:\/\/api.w.org\/{rel}","templated":true}]}}