{"id":112251,"date":"2021-03-01T15:14:09","date_gmt":"2021-03-01T20:14:09","guid":{"rendered":"https:\/\/linitiative.ca\/International\/pros-manchester-city-mahrez-nomine-pour-le-prix-du-joueur-du-mois-de-fevrier\/"},"modified":"2021-03-01T15:14:09","modified_gmt":"2021-03-01T20:14:09","slug":"pros-manchester-city-mahrez-nomine-pour-le-prix-du-joueur-du-mois-de-fevrier","status":"publish","type":"post","link":"https:\/\/linitiative.ca\/International\/pros-manchester-city-mahrez-nomine-pour-le-prix-du-joueur-du-mois-de-fevrier\/","title":{"rendered":"Pros : Manchester City: Mahrez nomin\u00e9 pour le prix du joueur du mois de f\u00e9vrier"},"content":{"rendered":"<div readability=\"32\">\n<p>Auteur : <span class=\"time\">lundi 01 mars 2021 18:30<\/span><\/p>\n<\/div>\n<div id=\"post_core\" readability=\"36\">\n<p>L\u2019international alg\u00e9rien Ryad Mahrez est nomin\u00e9 pour le prix du joueur du mois de f\u00e9vrier de Manchester City, a indiqu\u00e9 le leader de la Premier League sur son compte Twitter. Outre l\u2019ailier alg\u00e9rien, deux autres de ses co\u00e9quipiers sont en lice pour ce troph\u00e9e: Bernardo Silva et Rodrigo.<\/p>\n<p><strong>Publi\u00e9 dans :<\/strong> <span>Mahrez<\/span><\/p>\n<\/div>\n<p>Auteur:<br \/>\n<a href=\"http:\/\/www.lebuteur.com\/article\/detail?titre=manchester-city-mahrez-nomine-pour-le-prix-du-joueur-du-mois-de-fevrier&#038;id=99245&#038;utm_source=feedburner&#038;utm_medium=feed&#038;utm_campaign=Feed%3A+GalerieFArtciles+%28Les+derniers+articles++-+lebuteur.com%29\">Cliquez ici pour lire l&rsquo;article depuis sa source.<\/a><\/p>\n","protected":false},"excerpt":{"rendered":"<p>Auteur : lundi 01 mars 2021 18:30 L\u2019international alg\u00e9rien Ryad Mahrez est nomin\u00e9 pour le prix du joueur du mois de f\u00e9vrier de Manchester City, a indiqu\u00e9 le leader de la Premier League sur son compte Twitter. Outre l\u2019ailier alg\u00e9rien, deux autres de ses co\u00e9quipiers sont en lice pour ce troph\u00e9e: Bernardo Silva et Rodrigo. [&hellip;]<\/p>\n","protected":false},"author":1738,"featured_media":0,"comment_status":"closed","ping_status":"closed","sticky":false,"template":"","format":"standard","meta":{"fifu_image_url":"\/\/cdn.lebuteur.com\/data\/images\/article\/thumbs\/large-mahrez-nomine-pour-le-prix-du-joueur-du-mois-de-fevrier-fd2b8.jpg","fifu_image_alt":"Pros : Manchester City: Mahrez nomin\u00e9 pour le prix du joueur du mois de f\u00e9vrier","footnotes":""},"categories":[53,75],"tags":[],"class_list":["post-112251","post","type-post","status-publish","format-standard","hentry","category-algerie","category-sport"],"_links":{"self":[{"href":"https:\/\/linitiative.ca\/International\/wp-json\/wp\/v2\/posts\/112251","targetHints":{"allow":["GET"]}}],"collection":[{"href":"https:\/\/linitiative.ca\/International\/wp-json\/wp\/v2\/posts"}],"about":[{"href":"https:\/\/linitiative.ca\/International\/wp-json\/wp\/v2\/types\/post"}],"author":[{"embeddable":true,"href":"https:\/\/linitiative.ca\/International\/wp-json\/wp\/v2\/users\/1738"}],"replies":[{"embeddable":true,"href":"https:\/\/linitiative.ca\/International\/wp-json\/wp\/v2\/comments?post=112251"}],"version-history":[{"count":0,"href":"https:\/\/linitiative.ca\/International\/wp-json\/wp\/v2\/posts\/112251\/revisions"}],"wp:attachment":[{"href":"https:\/\/linitiative.ca\/International\/wp-json\/wp\/v2\/media?parent=112251"}],"wp:term":[{"taxonomy":"category","embeddable":true,"href":"https:\/\/linitiative.ca\/International\/wp-json\/wp\/v2\/categories?post=112251"},{"taxonomy":"post_tag","embeddable":true,"href":"https:\/\/linitiative.ca\/International\/wp-json\/wp\/v2\/tags?post=112251"}],"curies":[{"name":"wp","href":"https:\/\/api.w.org\/{rel}","templated":true}]}}