{"id":112252,"date":"2021-03-01T15:14:12","date_gmt":"2021-03-01T20:14:12","guid":{"rendered":"https:\/\/linitiative.ca\/International\/international-la-raison-pour-laquelle-le-real-madrid-aura-du-mal-a-recruter-mohamed-salah\/"},"modified":"2021-03-01T15:14:12","modified_gmt":"2021-03-01T20:14:12","slug":"international-la-raison-pour-laquelle-le-real-madrid-aura-du-mal-a-recruter-mohamed-salah","status":"publish","type":"post","link":"https:\/\/linitiative.ca\/International\/international-la-raison-pour-laquelle-le-real-madrid-aura-du-mal-a-recruter-mohamed-salah\/","title":{"rendered":"International : La raison pour laquelle le Real Madrid aura du mal \u00e0 recruter Mohamed Salah"},"content":{"rendered":"<div readability=\"32\">\n<p>Auteur : <span class=\"time\">lundi 01 mars 2021 20:17<\/span><\/p>\n<\/div>\n<div id=\"post_core\" readability=\"56\">\n<p>L&rsquo;attaquant \u00e9gyptien a encore deux ans de contrat chez les Reds et, bien que Calderon pense que les Anglais seront r\u00e9ticents \u00e0 vendre leur vedette, il s&rsquo;attend \u00e0 voir Madrid tester un mouvement pour l&rsquo;enr\u00f4ler : \u00ab\u00a0C&rsquo;est un grand joueur et un buteur. Il a aid\u00e9 Liverpool en faisant de son mieux, mais je ne pense pas qu&rsquo;ils le laisseront partir. On s&rsquo;attend \u00e0 ce que, s&rsquo;ils y r\u00e9fl\u00e9chissaient, ils ne le laisseraient partir que pour beaucoup d&rsquo;argent\u00a0\u00bb, a d&rsquo;abord d\u00e9clar\u00e9 l&rsquo;ancien pr\u00e9sident de la Maison Blanche \u00e0 ON Time Sports.<\/p>\n<p>\u00ab\u00a0Salah est courtis\u00e9, bien s\u00fbr, par le Real Madrid, mais Liverpool demanderait beaucoup d&rsquo;argent et, si cet accord devait \u00eatre conclu, ce serait crucial. Salah est un grand joueur avec un potentiel fantastique, et n&rsquo;importe quel club souhaite acqu\u00e9rir de tels talents, mais pour le Real Madrid, je ne pense pas qu&rsquo;ils aient les moyens financiers\u00a0\u00bb. Des propos relay\u00e9s par Goal.<\/p>\n<p><strong>Publi\u00e9 dans :<\/strong> <span>real madrid<\/span><\/p>\n<\/div>\n<p>Auteur:<br \/>\n<a href=\"http:\/\/www.lebuteur.com\/article\/detail?titre=la-raison-pour-laquelle-le-real-madrid-aura-du-mal-a-recruter-mohamed-salah&#038;id=99246&#038;utm_source=feedburner&#038;utm_medium=feed&#038;utm_campaign=Feed%3A+GalerieFArtciles+%28Les+derniers+articles++-+lebuteur.com%29\">Cliquez ici pour lire l&rsquo;article depuis sa source.<\/a><\/p>\n","protected":false},"excerpt":{"rendered":"<p>Auteur : lundi 01 mars 2021 20:17 L&rsquo;attaquant \u00e9gyptien a encore deux ans de contrat chez les Reds et, bien que Calderon pense que les Anglais seront r\u00e9ticents \u00e0 vendre leur vedette, il s&rsquo;attend \u00e0 voir Madrid tester un mouvement pour l&rsquo;enr\u00f4ler : \u00ab\u00a0C&rsquo;est un grand joueur et un buteur. Il a aid\u00e9 Liverpool en [&hellip;]<\/p>\n","protected":false},"author":1738,"featured_media":0,"comment_status":"closed","ping_status":"closed","sticky":false,"template":"","format":"standard","meta":{"fifu_image_url":"\/\/cdn.lebuteur.com\/data\/images\/article\/thumbs\/large-la-raison-pour-laquelle-le-real-madrid-aura-du-mal-a-recruter-mohamed-salah-176f9.jpg","fifu_image_alt":"International : La raison pour laquelle le Real Madrid aura du mal \u00e0 recruter Mohamed Salah","footnotes":""},"categories":[53,75],"tags":[],"class_list":["post-112252","post","type-post","status-publish","format-standard","hentry","category-algerie","category-sport"],"_links":{"self":[{"href":"https:\/\/linitiative.ca\/International\/wp-json\/wp\/v2\/posts\/112252","targetHints":{"allow":["GET"]}}],"collection":[{"href":"https:\/\/linitiative.ca\/International\/wp-json\/wp\/v2\/posts"}],"about":[{"href":"https:\/\/linitiative.ca\/International\/wp-json\/wp\/v2\/types\/post"}],"author":[{"embeddable":true,"href":"https:\/\/linitiative.ca\/International\/wp-json\/wp\/v2\/users\/1738"}],"replies":[{"embeddable":true,"href":"https:\/\/linitiative.ca\/International\/wp-json\/wp\/v2\/comments?post=112252"}],"version-history":[{"count":0,"href":"https:\/\/linitiative.ca\/International\/wp-json\/wp\/v2\/posts\/112252\/revisions"}],"wp:attachment":[{"href":"https:\/\/linitiative.ca\/International\/wp-json\/wp\/v2\/media?parent=112252"}],"wp:term":[{"taxonomy":"category","embeddable":true,"href":"https:\/\/linitiative.ca\/International\/wp-json\/wp\/v2\/categories?post=112252"},{"taxonomy":"post_tag","embeddable":true,"href":"https:\/\/linitiative.ca\/International\/wp-json\/wp\/v2\/tags?post=112252"}],"curies":[{"name":"wp","href":"https:\/\/api.w.org\/{rel}","templated":true}]}}