{"id":112253,"date":"2021-03-01T07:24:00","date_gmt":"2021-03-01T12:24:00","guid":{"rendered":"https:\/\/linitiative.ca\/International\/tunisie-lisie-sous-la-loupe-de-la-cour-des-comptes\/"},"modified":"2021-03-01T07:24:00","modified_gmt":"2021-03-01T12:24:00","slug":"tunisie-lisie-sous-la-loupe-de-la-cour-des-comptes","status":"publish","type":"post","link":"https:\/\/linitiative.ca\/International\/tunisie-lisie-sous-la-loupe-de-la-cour-des-comptes\/","title":{"rendered":"Tunisie: L\u2019Isie sous la loupe de la Cour des comptes"},"content":{"rendered":"<p>Son rapport annuel (32e), publi\u00e9 d\u00e9but f\u00e9vrier dernier, relevant les r\u00e9sultats de vingt missions de contr\u00f4le dont trois missions sp\u00e9cifiques effectu\u00e9es pour la premi\u00e8re fois, a jet\u00e9 un pav\u00e9 dans la mare. La Cour des comptes ne s\u2019arr\u00eate pas en si bon chemin. Son pr\u00e9sident, N\u00e9jib Ktari, maintient la pression. Les magistrats de la Cour planchent actuellement, sous la conduite de la pugnace Fadhila Gargouri, pr\u00e9sidente de chambre, sur les comptes de l\u2019Isie portant sur les \u00e9lections municipales de 2018 ainsi que les r\u00e9gularisations intervenues en 2019. De nouvelles r\u00e9v\u00e9lations en perspective.<\/p>\n<p class=\"c2\"><a href=\"https:\/\/www.leaders.com.tn\/le_mensuel_abonnez_vous\" target=\"_blank\" rel=\"noopener\"><img loading=\"lazy\" decoding=\"async\" src=\"\/uploads\/FCK_files\/Bon-de-commande(1).jpg\" width=\"500\" vspace=\"5\" hspace=\"5\" height=\"128\" align=\"middle\" alt=\"\"\/><\/a><\/p>\n<p>Auteur:<br \/>\n<a href=\"https:\/\/www.leaders.com.tn\/article\/31503-tunisie-l-isie-sous-la-loupe-de-la-cour-des-comptes\">Cliquez ici pour lire l&rsquo;article depuis sa source.<\/a><\/p>\n","protected":false},"excerpt":{"rendered":"<p>Son rapport annuel (32e), publi\u00e9 d\u00e9but f\u00e9vrier dernier, relevant les r\u00e9sultats de vingt missions de contr\u00f4le dont trois missions sp\u00e9cifiques effectu\u00e9es pour la premi\u00e8re fois, a jet\u00e9 un pav\u00e9 dans la mare. La Cour des comptes ne s\u2019arr\u00eate pas en si bon chemin. Son pr\u00e9sident, N\u00e9jib Ktari, maintient la pression. Les magistrats de la Cour [&hellip;]<\/p>\n","protected":false},"author":1772,"featured_media":0,"comment_status":"closed","ping_status":"closed","sticky":false,"template":"","format":"standard","meta":{"fifu_image_url":"\/uploads\/FCK_files\/Bon-de-commande(1).jpg","fifu_image_alt":"Tunisie: L\u2019Isie sous la loupe de la Cour des comptes","footnotes":""},"categories":[73,55],"tags":[],"class_list":["post-112253","post","type-post","status-publish","format-standard","hentry","category-actualite","category-tunisie"],"_links":{"self":[{"href":"https:\/\/linitiative.ca\/International\/wp-json\/wp\/v2\/posts\/112253","targetHints":{"allow":["GET"]}}],"collection":[{"href":"https:\/\/linitiative.ca\/International\/wp-json\/wp\/v2\/posts"}],"about":[{"href":"https:\/\/linitiative.ca\/International\/wp-json\/wp\/v2\/types\/post"}],"author":[{"embeddable":true,"href":"https:\/\/linitiative.ca\/International\/wp-json\/wp\/v2\/users\/1772"}],"replies":[{"embeddable":true,"href":"https:\/\/linitiative.ca\/International\/wp-json\/wp\/v2\/comments?post=112253"}],"version-history":[{"count":0,"href":"https:\/\/linitiative.ca\/International\/wp-json\/wp\/v2\/posts\/112253\/revisions"}],"wp:attachment":[{"href":"https:\/\/linitiative.ca\/International\/wp-json\/wp\/v2\/media?parent=112253"}],"wp:term":[{"taxonomy":"category","embeddable":true,"href":"https:\/\/linitiative.ca\/International\/wp-json\/wp\/v2\/categories?post=112253"},{"taxonomy":"post_tag","embeddable":true,"href":"https:\/\/linitiative.ca\/International\/wp-json\/wp\/v2\/tags?post=112253"}],"curies":[{"name":"wp","href":"https:\/\/api.w.org\/{rel}","templated":true}]}}