{"id":112254,"date":"2021-03-01T09:05:00","date_gmt":"2021-03-01T14:05:00","guid":{"rendered":"https:\/\/linitiative.ca\/International\/la-tunisie-perd-un-homme-dexception-le-professeur-fethi-nacef-psychiatre\/"},"modified":"2021-03-01T09:05:00","modified_gmt":"2021-03-01T14:05:00","slug":"la-tunisie-perd-un-homme-dexception-le-professeur-fethi-nacef-psychiatre","status":"publish","type":"post","link":"https:\/\/linitiative.ca\/International\/la-tunisie-perd-un-homme-dexception-le-professeur-fethi-nacef-psychiatre\/","title":{"rendered":"La Tunisie perd un homme d\u2019exception : Le professeur Fethi Nacef, psychiatre"},"content":{"rendered":"<p><span class=\"c2\"><em><strong><img decoding=\"async\" src=\"\/uploads\/FCK_files\/Sans-titre-1(53).jpg\" alt=\"\" width=\"25%\" vspace=\"5\" hspace=\"5\" align=\"left\"\/>Par les Drs Sofiane Zribi et Rym Gachem Attia &#8211;<\/strong><\/em><\/span> Ce dimanche, dernier jour du mois de f\u00e9vrier, \u00e9tait brumeux et triste. Les psychiatres de Tunisie l\u2019ont accueilli avec la triste nouvelle de la disparition pr\u00e9matur\u00e9e d\u2019un fr\u00e8re, d\u2019un ami : le professeur Fethi Nacef. Psychiatre distingu\u00e9, p\u00e9dagogue, chercheur, il \u00e9tait un travailleur sans rel\u00e2che, aux qualit\u00e9s humaines et relationnelles sans \u00e9gales.<\/p>\n<p>Fethi Nacef, n\u00e9 le 22 avril 1966 est un pur produit de l\u2019\u00e9cole tunisienne. Issu d\u2019une famille d\u2019intellectuels connus originaire de Gabes, il a poursuivi ses \u00e9tudes sup\u00e9rieures \u00e0 la facult\u00e9 de M\u00e9decine de Tunis. Il a effectu\u00e9 sa sp\u00e9cialit\u00e9 en psychiatrie sous l\u2019attention soutenue du Professeur Saida Douki qui lui a permis de faire un stage \u00e0 l\u2019H\u00f4pital Sainte Anne \u00e0 Paris o\u00f9 comme beaucoup de m\u00e9decins tunisiens il s\u2019est distingu\u00e9 par son excellence et son abn\u00e9gation. De retour en Tunisie, c\u2019est tout naturellement qu\u2019il devient Assistant (1997) puis Agr\u00e9g\u00e9 en (2001) aupr\u00e8s du Professeur Douki qui lui a laiss\u00e9 par la suite la direction de son service apr\u00e8s son d\u00e9part \u00e0 la retraite en 2009.<\/p>\n<p>Plus que psychiatre, il \u00e9tait p\u00e9dagogue et a \u00e9t\u00e9 directeur de l\u2019Institut Sup\u00e9rieur des Sciences Infirmi\u00e8res de Tunis pendant des ann\u00e9es o\u00f9 il a form\u00e9 des g\u00e9n\u00e9rations de soignants.<\/p>\n<p><img decoding=\"async\" src=\"\/uploads\/FCK_files\/hwji4m20.jpg\" alt=\"\" width=\"20%\" vspace=\"5\" hspace=\"5\" align=\"right\"\/>Fethi Nacef a cr\u00e9\u00e9 une v\u00e9ritable \u00e9quipe de psychiatres engag\u00e9s autour de lui. Passionn\u00e9 comme son mentor le Pr Douki, par les troubles bipolaires, c\u2019est un centre d\u2019excellence des soins de cette maladie qui a vu le jour, sous sa f\u00e9rule, dans le pavillon Avicenne de l\u2019h\u00f4pital Razi. Les jeunes r\u00e9sidents se bousculaient pour y effectuer un stage ou participer \u00e0 des travaux. Fethi Nacef les a toujours accueillis avec gentillesse et le large sourire que tout le monde lui connait. Il \u00e9tait l\u2019auteur de plusieurs publications internationales de grande qualit\u00e9.<\/p>\n<p>Fethi ne savait pas et ne voulait pas dire non, constamment pr\u00e9sent dans son service \u00e0 l\u2019\u00e9coute de tout le personnel soignant. Il a \u00e9t\u00e9 pr\u00e9sident du comit\u00e9 m\u00e9dical pendant plus de six ans et a accompli de grandes prouesses. Il \u00e9tait d\u00e9vou\u00e9 corps et \u00e2me \u00e0 la psychiatrie tunisienne, rassembleur, dot\u00e9 d\u2019une intelligence sociale unique.<\/p>\n<p>Les associations scientifiques perdent en lui un conf\u00e9rencier hors pair et un organisateur intelligent. C\u2019est tout naturellement que la Soci\u00e9t\u00e9 Tunisienne de Psychiatrie dont il est membre de son comit\u00e9 ex\u00e9cutif ou l\u2019Association Tunisienne des Psychiatres priv\u00e9e ou encore l\u2019Association Forum Bipolaire ou celle des Psychiatres universitaires, le pleurent et lui ont rendu un vibrant hommage.<\/p>\n<p>Mari\u00e9 et p\u00e8re de deux gar\u00e7ons, il \u00e9tait avec eux plus qu\u2019un p\u00e8re un ami et un confident. Parti \u00e0 la fleur de l\u2019\u00e2ge, au moment ou tant de malades et tant de jeunes confr\u00e8res ont encore un grand besoin de lui, Fethi Nacef laissera le souvenir persistant d\u2019un homme d\u2019exception qui a servi la Tunisie.<\/p>\n<p>Puisse sa famille, sa femme et ses enfants trouver dans ces quelques mots, un r\u00e9confort dans ce moment si p\u00e9nible pour eux comme pour nous.<\/p>\n<p>Auteur:<br \/>\n<a href=\"https:\/\/www.leaders.com.tn\/article\/31504-la-tunisie-perd-un-homme-d-exception-le-professeur-fethi-nacef-psychiatre\">Cliquez ici pour lire l&rsquo;article depuis sa source.<\/a><\/p>\n","protected":false},"excerpt":{"rendered":"<p>Par les Drs Sofiane Zribi et Rym Gachem Attia &#8211; Ce dimanche, dernier jour du mois de f\u00e9vrier, \u00e9tait brumeux et triste. Les psychiatres de Tunisie l\u2019ont accueilli avec la triste nouvelle de la disparition pr\u00e9matur\u00e9e d\u2019un fr\u00e8re, d\u2019un ami : le professeur Fethi Nacef. Psychiatre distingu\u00e9, p\u00e9dagogue, chercheur, il \u00e9tait un travailleur sans rel\u00e2che, [&hellip;]<\/p>\n","protected":false},"author":1772,"featured_media":0,"comment_status":"closed","ping_status":"closed","sticky":false,"template":"","format":"standard","meta":{"fifu_image_url":"\/uploads\/FCK_files\/Sans-titre-1(53).jpg","fifu_image_alt":"La Tunisie perd un homme d\u2019exception : Le professeur Fethi Nacef, psychiatre","footnotes":""},"categories":[73,55],"tags":[],"class_list":["post-112254","post","type-post","status-publish","format-standard","hentry","category-actualite","category-tunisie"],"_links":{"self":[{"href":"https:\/\/linitiative.ca\/International\/wp-json\/wp\/v2\/posts\/112254","targetHints":{"allow":["GET"]}}],"collection":[{"href":"https:\/\/linitiative.ca\/International\/wp-json\/wp\/v2\/posts"}],"about":[{"href":"https:\/\/linitiative.ca\/International\/wp-json\/wp\/v2\/types\/post"}],"author":[{"embeddable":true,"href":"https:\/\/linitiative.ca\/International\/wp-json\/wp\/v2\/users\/1772"}],"replies":[{"embeddable":true,"href":"https:\/\/linitiative.ca\/International\/wp-json\/wp\/v2\/comments?post=112254"}],"version-history":[{"count":0,"href":"https:\/\/linitiative.ca\/International\/wp-json\/wp\/v2\/posts\/112254\/revisions"}],"wp:attachment":[{"href":"https:\/\/linitiative.ca\/International\/wp-json\/wp\/v2\/media?parent=112254"}],"wp:term":[{"taxonomy":"category","embeddable":true,"href":"https:\/\/linitiative.ca\/International\/wp-json\/wp\/v2\/categories?post=112254"},{"taxonomy":"post_tag","embeddable":true,"href":"https:\/\/linitiative.ca\/International\/wp-json\/wp\/v2\/tags?post=112254"}],"curies":[{"name":"wp","href":"https:\/\/api.w.org\/{rel}","templated":true}]}}