{"id":112259,"date":"2021-03-01T05:00:00","date_gmt":"2021-03-01T10:00:00","guid":{"rendered":"https:\/\/linitiative.ca\/International\/fondant-au-chocolat-caramel\/"},"modified":"2021-03-01T05:00:00","modified_gmt":"2021-03-01T10:00:00","slug":"fondant-au-chocolat-caramel","status":"publish","type":"post","link":"https:\/\/linitiative.ca\/International\/fondant-au-chocolat-caramel\/","title":{"rendered":"Fondant au chocolat caramel"},"content":{"rendered":"<p><em><strong>2 tablettes de chocolat au caramel,\u00a0100 g de beurre + une noix pour le moule, 2 \u0153ufs, 70 g de farine, 60 g de sucre en poudre.\u00a0\u00a0<\/strong><\/em><\/p>\n<p>Pr\u00e9chauffez votre four th.6 (180\u00b0C).\u00a0<br \/>Dans un saladier, faites fondre 130 g de chocolat et le beurre 2 minutes au four \u00e0 microondes \u00e0 500W.\u00a0<br \/>Ajoutez le sucre, les \u0153ufs, la farine. M\u00e9langez bien. Ajoutez le reste du chocolat hach\u00e9 en grosses p\u00e9pites. Beurrez et farinez votre moule et versez la p\u00e2te. Faites cuire au four environ 15 minutes. \u00c0 la sortie du four, le g\u00e2teau ne para\u00eet pas assez cuit, c&rsquo;est normal, laissez-le refroidir puis d\u00e9moulez-le.\u00a0<br \/>Suggestion : Ajoutez une pinc\u00e9e de cannelle.\u00a0<\/p>\n<p>Auteur:<br \/>\n<a href=\"https:\/\/www.lesoirdalgerie.com\/femme-magazine\/fondant-au-chocolat-caramel-57121\">Cliquez ici pour lire l&rsquo;article depuis sa source.<\/a><\/p>\n","protected":false},"excerpt":{"rendered":"<p>2 tablettes de chocolat au caramel,\u00a0100 g de beurre + une noix pour le moule, 2 \u0153ufs, 70 g de farine, 60 g de sucre en poudre.\u00a0\u00a0 Pr\u00e9chauffez votre four th.6 (180\u00b0C).\u00a0Dans un saladier, faites fondre 130 g de chocolat et le beurre 2 minutes au four \u00e0 microondes \u00e0 500W.\u00a0Ajoutez le sucre, les \u0153ufs, [&hellip;]<\/p>\n","protected":false},"author":1741,"featured_media":0,"comment_status":"closed","ping_status":"closed","sticky":false,"template":"","format":"standard","meta":{"fifu_image_url":"","fifu_image_alt":"","footnotes":""},"categories":[73,53],"tags":[],"class_list":["post-112259","post","type-post","status-publish","format-standard","hentry","category-actualite","category-algerie"],"_links":{"self":[{"href":"https:\/\/linitiative.ca\/International\/wp-json\/wp\/v2\/posts\/112259","targetHints":{"allow":["GET"]}}],"collection":[{"href":"https:\/\/linitiative.ca\/International\/wp-json\/wp\/v2\/posts"}],"about":[{"href":"https:\/\/linitiative.ca\/International\/wp-json\/wp\/v2\/types\/post"}],"author":[{"embeddable":true,"href":"https:\/\/linitiative.ca\/International\/wp-json\/wp\/v2\/users\/1741"}],"replies":[{"embeddable":true,"href":"https:\/\/linitiative.ca\/International\/wp-json\/wp\/v2\/comments?post=112259"}],"version-history":[{"count":0,"href":"https:\/\/linitiative.ca\/International\/wp-json\/wp\/v2\/posts\/112259\/revisions"}],"wp:attachment":[{"href":"https:\/\/linitiative.ca\/International\/wp-json\/wp\/v2\/media?parent=112259"}],"wp:term":[{"taxonomy":"category","embeddable":true,"href":"https:\/\/linitiative.ca\/International\/wp-json\/wp\/v2\/categories?post=112259"},{"taxonomy":"post_tag","embeddable":true,"href":"https:\/\/linitiative.ca\/International\/wp-json\/wp\/v2\/tags?post=112259"}],"curies":[{"name":"wp","href":"https:\/\/api.w.org\/{rel}","templated":true}]}}