{"id":112264,"date":"2021-03-01T09:33:38","date_gmt":"2021-03-01T14:33:38","guid":{"rendered":"https:\/\/linitiative.ca\/International\/coronavirus-prolongation-de-deux-semaines-des-mesures-de-precaution\/"},"modified":"2021-03-01T09:33:38","modified_gmt":"2021-03-01T14:33:38","slug":"coronavirus-prolongation-de-deux-semaines-des-mesures-de-precaution","status":"publish","type":"post","link":"https:\/\/linitiative.ca\/International\/coronavirus-prolongation-de-deux-semaines-des-mesures-de-precaution\/","title":{"rendered":"Coronavirus : prolongation de deux semaines des mesures de pr\u00e9caution"},"content":{"rendered":"<p><strong>Le gouvernement a d\u00e9cid\u00e9 de prolonger de deux semaines, \u00e0 compter du mardi 2 mars \u00e0 21h, les mesures de pr\u00e9caution adopt\u00e9es le 13 janvier dernier pour lutter contre le coronavirus (Covid-19).<\/strong><\/p>\n<p>L\u2019ex\u00e9cutif pr\u00e9cise que cette d\u00e9cision intervient sur la base des recommandations de la Commission scientifique et technique concernant la n\u00e9cessit\u00e9 de maintenir les mesures n\u00e9cessaires pour lutter contre le coronavirus.<\/p>\n<div class=\"c10\">\n<\/div>\n<p><strong>Lire aussi | <a rel=\"noreferrer noopener\" href=\"https:\/\/www.challenge.ma\/rd-entrepreneuriat-et-formation-au-menu-du-nouveau-partenariat-cgem-um6p-176694\/\" target=\"_blank\">R&amp;D, entrepreneuriat et formation au menu du nouveau partenariat CGEM\/UM6P<\/a><\/strong><\/p>\n<blockquote class=\"twitter-tweet\">\n<p dir=\"rtl\" lang=\"ar\" xml:lang=\"ar\">\u062a\u0645\u062f\u064a\u062f \u0641\u062a\u0631\u0629 \u0627\u0644\u0639\u0645\u0644 \u0628\u0627\u0644\u0625\u062c\u0631\u0627\u0621\u0627\u062a \u0627\u0644\u0627\u062d\u062a\u0631\u0627\u0632\u064a\u0629 \u0644\u0645\u062f\u0629 \u0623\u0633\u0628\u0648\u0639\u064a\u0646 \u0625\u0636\u0627\u0641\u064a\u064a\u0646\u060c \u0648\u0630\u0644\u0643 \u0627\u0628\u062a\u062f\u0627\u0621 \u0645\u0646 \u064a\u0648\u0645 \u063a\u062f \u0627\u0644\u062b\u0644\u0627\u062b\u0627\u0621 \u0639\u0644\u0649 \u0627\u0644\u0633\u0627\u0639\u0629 9 \u0644\u064a\u0644\u0627 (\u0628\u0644\u0627\u063a \u0644\u0644\u062d\u0643\u0648\u0645\u0629) <a href=\"https:\/\/t.co\/UaNbM3GyOM\">pic.twitter.com\/UaNbM3GyOM<\/a><\/p>\n<p>\u2014 2M.ma (@2MInteractive) <a href=\"https:\/\/twitter.com\/2MInteractive\/status\/1366388725748555780?ref_src=twsrc%5Etfw\">March 1, 2021<\/a><\/p><\/blockquote>\n<p>Cette prolongation intervient \u00e9galement apr\u00e8s l\u2019\u00e9volution de cette pand\u00e9mie au niveau mondial suite \u00e0 l\u2019apparition de nouvelles variantes du virus, poursuit le gouvernement, indiquant qu\u2019elle s\u2019inscrit dans le cadre des efforts continus pour circonscrire la propagation de l\u2019\u00e9pid\u00e9mie et limiter ses r\u00e9percussions n\u00e9gatives. A noter que 244 nouveaux cas d\u2019infection au coronavirus ont \u00e9t\u00e9 confirm\u00e9s au Maroc, dimanche 28 f\u00e9vrier 2021, portant le nombre total de cas de contamination \u00e0 483.654. Le nombre de personnes d\u00e9clar\u00e9es gu\u00e9ries s\u2019est \u00e9lev\u00e9 \u00e0 469.046 avec 239 r\u00e9missions suppl\u00e9mentaires, alors que le nombre de d\u00e9c\u00e8s a \u00e9t\u00e9 port\u00e9 \u00e0 8623 avec 8 nouveaux morts.<\/p>\n<p>Auteur: challenge<br \/>\n<a href=\"https:\/\/www.challenge.ma\/coronavirus-prolongation-de-deux-semaines-des-mesures-de-precaution-176714\/\">Cliquez ici pour lire l&rsquo;article depuis sa source.<\/a><\/p>\n","protected":false},"excerpt":{"rendered":"<p>Le gouvernement a d\u00e9cid\u00e9 de prolonger de deux semaines, \u00e0 compter du mardi 2 mars \u00e0 21h, les mesures de pr\u00e9caution adopt\u00e9es le 13 janvier dernier pour lutter contre le coronavirus (Covid-19). L\u2019ex\u00e9cutif pr\u00e9cise que cette d\u00e9cision intervient sur la base des recommandations de la Commission scientifique et technique concernant la n\u00e9cessit\u00e9 de maintenir les [&hellip;]<\/p>\n","protected":false},"author":1787,"featured_media":0,"comment_status":"closed","ping_status":"closed","sticky":false,"template":"","format":"standard","meta":{"fifu_image_url":"","fifu_image_alt":"","footnotes":""},"categories":[78,54],"tags":[],"class_list":["post-112264","post","type-post","status-publish","format-standard","hentry","category-economie","category-maroc"],"_links":{"self":[{"href":"https:\/\/linitiative.ca\/International\/wp-json\/wp\/v2\/posts\/112264","targetHints":{"allow":["GET"]}}],"collection":[{"href":"https:\/\/linitiative.ca\/International\/wp-json\/wp\/v2\/posts"}],"about":[{"href":"https:\/\/linitiative.ca\/International\/wp-json\/wp\/v2\/types\/post"}],"author":[{"embeddable":true,"href":"https:\/\/linitiative.ca\/International\/wp-json\/wp\/v2\/users\/1787"}],"replies":[{"embeddable":true,"href":"https:\/\/linitiative.ca\/International\/wp-json\/wp\/v2\/comments?post=112264"}],"version-history":[{"count":0,"href":"https:\/\/linitiative.ca\/International\/wp-json\/wp\/v2\/posts\/112264\/revisions"}],"wp:attachment":[{"href":"https:\/\/linitiative.ca\/International\/wp-json\/wp\/v2\/media?parent=112264"}],"wp:term":[{"taxonomy":"category","embeddable":true,"href":"https:\/\/linitiative.ca\/International\/wp-json\/wp\/v2\/categories?post=112264"},{"taxonomy":"post_tag","embeddable":true,"href":"https:\/\/linitiative.ca\/International\/wp-json\/wp\/v2\/tags?post=112264"}],"curies":[{"name":"wp","href":"https:\/\/api.w.org\/{rel}","templated":true}]}}