{"id":112265,"date":"2021-03-01T11:42:41","date_gmt":"2021-03-01T16:42:41","guid":{"rendered":"https:\/\/linitiative.ca\/International\/non-au-nihilisme\/"},"modified":"2021-03-01T11:42:41","modified_gmt":"2021-03-01T16:42:41","slug":"non-au-nihilisme","status":"publish","type":"post","link":"https:\/\/linitiative.ca\/International\/non-au-nihilisme\/","title":{"rendered":"Non au nihilisme !"},"content":{"rendered":"<p><strong>La vox populi, les positions des internautes, ne constituent pas pour moi une opinion taboue. Je n\u2019ai jamais eu peur d\u2019\u00eatre minoritaire. C\u2019est facile parce que je ne suis candidat \u00e0 rien et que mon seul rep\u00e8re, c\u2019est le service du bien commun partant de convictions profondes.<\/strong><\/p>\n<div class=\"c10\">\n<\/div>\n<p>L\u2019antiparti est \u00e0 la mode. Je les d\u00e9fends pour une simple raison, c\u2019est qu\u2019il n\u2019y a pas de vie d\u00e9mocratique sans partis politiques. Ceux qui plaident pour un despotisme \u00e9clair\u00e9, doivent l\u2019\u00e9noncer clairement au lieu d\u2019avancer masqu\u00e9s en faisant porter le chapeau uniquement aux partis.<\/p>\n<p><strong>Lire aussi| <a href=\"https:\/\/www.challenge.ma\/rd-entrepreneuriat-et-formation-au-menu-du-nouveau-partenariat-cgem-um6p-176694\/\">R&amp;D, entrepreneuriat et formation au menu du nouveau partenariat CGEM\/UM6P<\/a><\/strong><\/p>\n<p>Ma position est tr\u00e8s claire, elle s\u2019articule autour de 3 faits historiques\u00a0:<\/p>\n<p>\u2013 Nous sommes sortis d\u2019une p\u00e9riode o\u00f9 le clivage \u00e9tait un clivage de l\u00e9gitimit\u00e9. Mais le probl\u00e8me, c\u2019est que la fin de cette guerre de l\u00e9gitimit\u00e9 n\u2019a pas laiss\u00e9 place \u00e0 des divergences doctrinales autour des politiques publiques.<\/p>\n<p>\u2013 Un parti doit avoir un positionnement id\u00e9ologique, un r\u00e9f\u00e9rentiel, un projet soci\u00e9tal, un programme. Aucun ne remplit les trois cases. Les d\u00e9rives n\u00e9es de la pens\u00e9e ultralib\u00e9rale ont d\u00e9structur\u00e9 cette conception des partis.<\/p>\n<p>\u2013 L\u2019Etat profond a utilis\u00e9 cette p\u00e9riode pour affaiblir l\u2019autonomie de d\u00e9cision des partis, en faisant des larbins.<\/p>\n<p><strong>Lire aussi| <a href=\"https:\/\/www.challenge.ma\/le-maroc-peut-profiter-de-la-guerre-geopolitique-du-gaz-europeen-176603\/\">Le Maroc peut profiter de la guerre g\u00e9opolitique du Gaz europ\u00e9en<\/a><\/strong><\/p>\n<p>Bien s\u00fbr qu\u2019il y a un d\u00e9sert conceptuel dans notre vie politique, que la d\u00e9mocratie interne ne fonctionne pas et que l\u2019encadrement des populations n\u2019est pas au rendez-vous.<\/p>\n<p>Mais rejeter la classe politique, ne pas participer aux \u00e9lections, c\u2019est du nihilisme. Si les Marocains veulent renforcer la construction d\u00e9mocratique, ils doivent participer \u00e0 l\u2019activit\u00e9 politique, m\u00eame si les odeurs ne sont pas r\u00e9jouissantes.<\/p>\n<p>Auteur: Jamal Berraoui<br \/>\n<a href=\"https:\/\/www.challenge.ma\/non-au-nihilisme-176762\/\">Cliquez ici pour lire l&rsquo;article depuis sa source.<\/a><\/p>\n","protected":false},"excerpt":{"rendered":"<p>La vox populi, les positions des internautes, ne constituent pas pour moi une opinion taboue. Je n\u2019ai jamais eu peur d\u2019\u00eatre minoritaire. C\u2019est facile parce que je ne suis candidat \u00e0 rien et que mon seul rep\u00e8re, c\u2019est le service du bien commun partant de convictions profondes. L\u2019antiparti est \u00e0 la mode. Je les d\u00e9fends [&hellip;]<\/p>\n","protected":false},"author":1787,"featured_media":0,"comment_status":"closed","ping_status":"closed","sticky":false,"template":"","format":"standard","meta":{"fifu_image_url":"","fifu_image_alt":"","footnotes":""},"categories":[78,54],"tags":[],"class_list":["post-112265","post","type-post","status-publish","format-standard","hentry","category-economie","category-maroc"],"_links":{"self":[{"href":"https:\/\/linitiative.ca\/International\/wp-json\/wp\/v2\/posts\/112265","targetHints":{"allow":["GET"]}}],"collection":[{"href":"https:\/\/linitiative.ca\/International\/wp-json\/wp\/v2\/posts"}],"about":[{"href":"https:\/\/linitiative.ca\/International\/wp-json\/wp\/v2\/types\/post"}],"author":[{"embeddable":true,"href":"https:\/\/linitiative.ca\/International\/wp-json\/wp\/v2\/users\/1787"}],"replies":[{"embeddable":true,"href":"https:\/\/linitiative.ca\/International\/wp-json\/wp\/v2\/comments?post=112265"}],"version-history":[{"count":0,"href":"https:\/\/linitiative.ca\/International\/wp-json\/wp\/v2\/posts\/112265\/revisions"}],"wp:attachment":[{"href":"https:\/\/linitiative.ca\/International\/wp-json\/wp\/v2\/media?parent=112265"}],"wp:term":[{"taxonomy":"category","embeddable":true,"href":"https:\/\/linitiative.ca\/International\/wp-json\/wp\/v2\/categories?post=112265"},{"taxonomy":"post_tag","embeddable":true,"href":"https:\/\/linitiative.ca\/International\/wp-json\/wp\/v2\/tags?post=112265"}],"curies":[{"name":"wp","href":"https:\/\/api.w.org\/{rel}","templated":true}]}}