{"id":112267,"date":"2021-03-01T15:04:52","date_gmt":"2021-03-01T20:04:52","guid":{"rendered":"https:\/\/linitiative.ca\/International\/maroc-allemagne-des-signes-precurseurs-dune-rupture-diplomatique\/"},"modified":"2021-03-01T15:04:52","modified_gmt":"2021-03-01T20:04:52","slug":"maroc-allemagne-des-signes-precurseurs-dune-rupture-diplomatique","status":"publish","type":"post","link":"https:\/\/linitiative.ca\/International\/maroc-allemagne-des-signes-precurseurs-dune-rupture-diplomatique\/","title":{"rendered":"Maroc-Allemagne : des signes pr\u00e9curseurs d\u2019une rupture diplomatique"},"content":{"rendered":"<p><strong>C\u2019est tomb\u00e9 comme une foudre. Le Ministre des Affaires Etrang\u00e8res, de la Coop\u00e9ration Africaine et des Marocains R\u00e9sidant \u00e0 l\u2019\u00e9tranger vient d\u2019annoncer une suspension des relations avec la repr\u00e9sentation diplomatique de la R\u00e9publique F\u00e9d\u00e9rale d\u2019Allemagne au Maroc.<\/strong><\/p>\n<div class=\"c10\">\n<\/div>\n<p>En effet, le Minist\u00e8re des Affaires Etrang\u00e8res, de la Coop\u00e9ration Africaine et des Marocains R\u00e9sidant \u00e0 l\u2019\u00e9tranger (MAECAMRE) vient d\u2019envoyer une missive urgente au Chef de Gouvernement et \u00e0 l\u2019ensemble des membres du gouvernement dans laquelle il demande de \u00ab\u00a0suspendre tout contact, interaction ou action de coop\u00e9ration, en aucun cas ou sous aucune forme, aussi bien avec l\u2019Ambassade d\u2019Allemagne au Maroc qu\u2019avec les organismes de coop\u00e9ration et les fondations politiques allemandes qui lui sont li\u00e9es\u00a0\u00bb.<\/p>\n<p><strong>Lire aussi|<a href=\"https:\/\/www.challenge.ma\/coronavirus-prolongation-de-deux-semaines-des-mesures-de-precaution-176714\/\">Coronavirus : prolongation de deux semaines des mesures de pr\u00e9caution<\/a><\/strong><\/p>\n<p>Les raisons de cette demande de suspension seraient li\u00e9es, d\u2019apr\u00e8s ladite missive, sign\u00e9e par le ministre repr\u00e9sentant le MAECAMRE, \u00e0 des \u00ab\u00a0malentendus profonds avec la R\u00e9publique F\u00e9d\u00e9rale Allemande, au sujet des questions fondamentales du Royaume\u00a0\u00bb. Sous-entendu, bien s\u00fbr, en premier lieu, la question du Sahara Marocain, s\u00e9quelle d\u2019un pass\u00e9 colonial, mal compris et mal g\u00e9r\u00e9 dans le pass\u00e9, au niveau international. Ladite missive pr\u00e9cise que \u00ab\u00a0toute d\u00e9rogation \u00e0 cette suspension, ne pourra se faire que sur la base d\u2019un accord pr\u00e9alable explicite du\u00a0 MAECAMRE. Ce dernier a d\u2019ailleurs lui-m\u00eame signifi\u00e9 qu\u2019il a pris la d\u00e9cision de suspendre tout contact ou d\u00e9marche avec l\u2019Ambassade d\u2019Allemagne au Maroc.<\/p>\n<p>A noter que nombreux sont les domaines de coop\u00e9ration marocco-allemnade, notamment ceux relatifs au d\u00e9veloppement des \u00e9nergies renouvelables et \u00e0 la protection de l\u2019environnement. L\u2019Allemagne est aussi l\u2019une des principales destinations des exportations marocaines en Union Europ\u00e9enne.\u00a0<\/p>\n<p><strong>Lire aussi|<a href=\"https:\/\/www.challenge.ma\/presidence-de-la-caf-la-fifa-a-fini-par-trouve-un-compromis-entre-les-4-candidats-en-lice-176646\/\">Pr\u00e9sidence de la CAF : la Fifa a fini par trouver un compromis entre les 4 candidats en lice<\/a><\/strong><\/p>\n<p>Enfin, rappelons juste que l\u2019Allemagne a pendant longtemps v\u00e9cu, dans l\u2019histoire r\u00e9cente, apr\u00e8s la seconde guerre mondiale, un profond et douloureux d\u00e9chirement, \u00e0 travers sa s\u00e9paration en deux Etats, situation qui a pris fin avec la chute du Mur de Berlin, \u00e9v\u00e8nement national et mondial qui a marqu\u00e9 la fin du 20<sup>\u00e8me<\/sup> si\u00e8cle. Cette trag\u00e9die v\u00e9cue est pleine de le\u00e7ons et n\u2019est souhaitable pour aucun autre pays.\u00a0<\/p>\n<p>Auteur: Amine Messaoudi<br \/>\n<a href=\"https:\/\/www.challenge.ma\/maroc-allemagne-des-signes-precurseurs-dune-rupture-diplomatique-176787\/\">Cliquez ici pour lire l&rsquo;article depuis sa source.<\/a><\/p>\n","protected":false},"excerpt":{"rendered":"<p>C\u2019est tomb\u00e9 comme une foudre. Le Ministre des Affaires Etrang\u00e8res, de la Coop\u00e9ration Africaine et des Marocains R\u00e9sidant \u00e0 l\u2019\u00e9tranger vient d\u2019annoncer une suspension des relations avec la repr\u00e9sentation diplomatique de la R\u00e9publique F\u00e9d\u00e9rale d\u2019Allemagne au Maroc. En effet, le Minist\u00e8re des Affaires Etrang\u00e8res, de la Coop\u00e9ration Africaine et des Marocains R\u00e9sidant \u00e0 l\u2019\u00e9tranger (MAECAMRE) [&hellip;]<\/p>\n","protected":false},"author":1787,"featured_media":0,"comment_status":"closed","ping_status":"closed","sticky":false,"template":"","format":"standard","meta":{"fifu_image_url":"","fifu_image_alt":"","footnotes":""},"categories":[78,54],"tags":[],"class_list":["post-112267","post","type-post","status-publish","format-standard","hentry","category-economie","category-maroc"],"_links":{"self":[{"href":"https:\/\/linitiative.ca\/International\/wp-json\/wp\/v2\/posts\/112267","targetHints":{"allow":["GET"]}}],"collection":[{"href":"https:\/\/linitiative.ca\/International\/wp-json\/wp\/v2\/posts"}],"about":[{"href":"https:\/\/linitiative.ca\/International\/wp-json\/wp\/v2\/types\/post"}],"author":[{"embeddable":true,"href":"https:\/\/linitiative.ca\/International\/wp-json\/wp\/v2\/users\/1787"}],"replies":[{"embeddable":true,"href":"https:\/\/linitiative.ca\/International\/wp-json\/wp\/v2\/comments?post=112267"}],"version-history":[{"count":0,"href":"https:\/\/linitiative.ca\/International\/wp-json\/wp\/v2\/posts\/112267\/revisions"}],"wp:attachment":[{"href":"https:\/\/linitiative.ca\/International\/wp-json\/wp\/v2\/media?parent=112267"}],"wp:term":[{"taxonomy":"category","embeddable":true,"href":"https:\/\/linitiative.ca\/International\/wp-json\/wp\/v2\/categories?post=112267"},{"taxonomy":"post_tag","embeddable":true,"href":"https:\/\/linitiative.ca\/International\/wp-json\/wp\/v2\/tags?post=112267"}],"curies":[{"name":"wp","href":"https:\/\/api.w.org\/{rel}","templated":true}]}}