{"id":112273,"date":"2021-03-01T14:12:48","date_gmt":"2021-03-01T19:12:48","guid":{"rendered":"https:\/\/linitiative.ca\/International\/redecoupage-territorial-en-perspective-au-burkina-faso\/"},"modified":"2021-03-01T14:12:48","modified_gmt":"2021-03-01T19:12:48","slug":"redecoupage-territorial-en-perspective-au-burkina-faso","status":"publish","type":"post","link":"https:\/\/linitiative.ca\/International\/redecoupage-territorial-en-perspective-au-burkina-faso\/","title":{"rendered":"REDECOUPAGE TERRITORIAL EN PERSPECTIVE AU BURKINA FASO  \u00a0"},"content":{"rendered":"<p class=\"c4\"><em>La r\u00e9forme territoriale du 2 juillet 2001 qui a cr\u00e9\u00e9 administrativement treize r\u00e9gions au Burkina Faso,\u00a0 sera bient\u00f4t revue et corrig\u00e9e, du moins si l\u2019on en croit les propos du Premier ministre Christophe Dabir\u00e9, tenus devant la Repr\u00e9sentation nationale le 4 f\u00e9vrier dernier. Il ne s\u2019agira pas d\u2019une boucherie territoriale ni d\u2019un charcutage du pays \u00e0 des fins \u00e9lectoralistes comme pourraient l\u2019imaginer certains esprits r\u00e9tifs, mais d\u2019un red\u00e9coupage de certaines parties du territoire national pour un meilleur\u00a0maillage\u00a0 s\u00e9curitaire et pour une gestion administrative plus efficace de ces zones dont les populations se sentent de plus en plus d\u00e9laiss\u00e9es par l\u2019Etat. Plut\u00f4t donc que d\u2019engager une refonte compl\u00e8te de notre organisation territoriale, qui pourrait s\u2019av\u00e9rer extr\u00eamement co\u00fbteuse et m\u00eame risqu\u00e9e, il s\u2019agira de faire quelques ajustements reposant sur la r\u00e9duction de la taille des r\u00e9gions aux p\u00e9rim\u00e8tres trop \u00e9tir\u00e9s, et sur la correction des in\u00e9galit\u00e9s et des disparit\u00e9s entre les diff\u00e9rentes entit\u00e9s qui les composent. Dans cette optique, et au regard de la situation actuelle de notre pays, c\u2019est la r\u00e9gion de l\u2019Est et celle du Sahel qui pourraient \u00eatre prioritairement concern\u00e9es par ce remodelage annonc\u00e9, en raison du chaos s\u00e9curitaire qui y r\u00e8gne du fait des groupes arm\u00e9s, mais aussi de l\u2019absence de l\u2019Administration dans la majeure partie de ces r\u00e9gions, qui les rend davantage vuln\u00e9rables \u00e0 la mis\u00e8re et aux discours populistes des terroristes. C\u2019est vrai que pour ce qui est de la r\u00e9gion de l\u2019Est, l\u2019id\u00e9e de l\u2019\u00e9clater en plusieurs autres entit\u00e9s territoriales \u00a0ne date pas de la derni\u00e8re campagne \u00e9lectorale et du discours du pr\u00e9sident Roch Marc Christian Kabor\u00e9 y aff\u00e9rent, car elle avait \u00e9t\u00e9 \u00e0 chaque fois remise aux calendes grecques parce que dans certains milieux, l\u2019on craignait, \u00e0 tort ou \u00e0 raison, que des barons locaux n\u2019en profitent pour mettre en place des cartes administratives dessin\u00e9es sur la base de consid\u00e9rations \u00e9lectoralistes.<\/em><\/p>\n<p class=\"c4\"><em>\u00a0<\/em><\/p>\n<p class=\"c6\"><strong><em>Esp\u00e9rons que la reconfiguration territoriale en perspective sera salutaire pour notre pays<\/em><\/strong><\/p>\n<p class=\"c4\"><em>\u00a0<\/em><\/p>\n<p class=\"c4\"><em>A vrai dire, le projet de redimensionnement de la r\u00e9gion de l\u2019Est, par exemple, avait \u00e9t\u00e9 propos\u00e9 aux autorit\u00e9s du Burkina d\u00e8s le d\u00e9but de la d\u00e9cennie 2000, mais il \u00e9tait rest\u00e9 dans les limbes pour les raisons \u00a0pr\u00e9c\u00e9demment \u00e9voqu\u00e9es. La chose a \u00e9t\u00e9 r\u00e9cemment remise au go\u00fbt du jour, pour ainsi dire, en raison de la pr\u00e9sence massive de groupes terroristes dans les aires prot\u00e9g\u00e9es de cette r\u00e9gion qui se trouve \u00eatre la plus \u00e9tendue du Burkina (17% du territoire national), et qui, \u00e0 elle seule, d\u00e9passe la superficie de la Gambie et du Cap-Vert r\u00e9unis. La solution militaire \u00a0ayant visiblement fait flop malgr\u00e9 les op\u00e9rations de ratissage de nos vaillants soldats, il \u00e9tait n\u00e9cessaire d\u2019envisager d\u2019autres moyens de lutte contre la criminalit\u00e9 sous toutes ses formes dans les provinces de cette vaste r\u00e9gion. L\u2019un des moyens les plus efficaces est certainement le rapprochement de l\u2019administration de l\u2019administr\u00e9, avec en prime, la mise en place de projets structurants et de programmes de d\u00e9veloppement sp\u00e9cifiques \u00e0 chaque nouvelle r\u00e9gion qui sera cr\u00e9\u00e9e. Tout cela contribuera \u00e0 r\u00e9duire les in\u00e9galit\u00e9s, et subs\u00e9quemment,\u00a0 les frustrations des populations de Diapaga et de Bogand\u00e9 qui se sentent plus que jamais abandonn\u00e9es \u00e0 leur propre sort, alors que la capitale r\u00e9gionale, Fada N\u2019Gourma, b\u00e9n\u00e9ficie \u00e0 elle seule, de tous \u00a0les avantages li\u00e9s \u00e0 son statut (infrastructures du 11- D\u00e9cembre, H\u00f4pital r\u00e9gional, Universit\u00e9\u2026). Ce sentiment d\u2019abandon va crescendo depuis quelques ann\u00e9es, notamment depuis que des terroristes qui surfent justement sur ces frustrations, ont investi les lieux avec une relative facilit\u00e9, aid\u00e9s en cela par une nature verdoyante, par l\u2019absence de l\u2019Etat et par la r\u00e9signation, pour ne pas dire la complicit\u00e9 passive des populations totalement impuissantes. Si la loi portant red\u00e9coupage du territoire national venait \u00e0 \u00eatre vot\u00e9e, le Burkina comblerait un tant soit peu le d\u00e9ficit de pr\u00e9sence \u00e9tatique tr\u00e8s pr\u00e9judiciable au d\u00e9veloppement socio\u00e9conomique de l\u2019hinterland. \u00a0Mais si la n\u00e9cessit\u00e9 d\u2019une r\u00e9forme administrative appara\u00eet tr\u00e8s clairement aujourd\u2019hui avec la mont\u00e9e des p\u00e9rils, son op\u00e9rationnalisation et son bon fonctionnement restent\u00a0 tributaires des moyens que l\u2019Etat voudra y mettre, et de l\u2019adh\u00e9sion des populations concern\u00e9es. Esp\u00e9rons que la reconfiguration territoriale en perspective dans ce contexte de crise s\u00e9curitaire et financi\u00e8re, sera salutaire pour notre pays, et non pas porteuse de risques de mal gouvernance et notamment de gestion pr\u00e9datrice de nos maigres ressources. Le gouvernement devra donc \u00eatre regardant sur la moralit\u00e9 des futurs responsables des entit\u00e9s administratives qui seront cr\u00e9\u00e9es, et veiller \u00e0 ce que les objectifs de d\u00e9part ne soient pas d\u00e9voy\u00e9s pour des int\u00e9r\u00eats personnels ou claniques. A bon entendeur\u2026<\/em><\/p>\n<p class=\"c4\"><em>\u00a0<\/em><\/p>\n<p class=\"c6\"><strong><em>Sidzabda<\/em><\/strong><\/p>\n<p><strong>\u00a0<\/strong><\/p>\n<p>Auteur: Le Pays<br \/>\n<a href=\"https:\/\/lepays.bf\/redecoupage-territorial-en-perspective-au-burkina-faso\/\">Cliquez ici pour lire l&rsquo;article depuis sa source.<\/a><\/p>\n","protected":false},"excerpt":{"rendered":"<p>La r\u00e9forme territoriale du 2 juillet 2001 qui a cr\u00e9\u00e9 administrativement treize r\u00e9gions au Burkina Faso,\u00a0 sera bient\u00f4t revue et corrig\u00e9e, du moins si l\u2019on en croit les propos du Premier ministre Christophe Dabir\u00e9, tenus devant la Repr\u00e9sentation nationale le 4 f\u00e9vrier dernier. Il ne s\u2019agira pas d\u2019une boucherie territoriale ni d\u2019un charcutage du pays [&hellip;]<\/p>\n","protected":false},"author":1813,"featured_media":0,"comment_status":"closed","ping_status":"closed","sticky":false,"template":"","format":"standard","meta":{"fifu_image_url":"","fifu_image_alt":"","footnotes":""},"categories":[73,81],"tags":[],"class_list":["post-112273","post","type-post","status-publish","format-standard","hentry","category-actualite","category-burkina-faso"],"_links":{"self":[{"href":"https:\/\/linitiative.ca\/International\/wp-json\/wp\/v2\/posts\/112273","targetHints":{"allow":["GET"]}}],"collection":[{"href":"https:\/\/linitiative.ca\/International\/wp-json\/wp\/v2\/posts"}],"about":[{"href":"https:\/\/linitiative.ca\/International\/wp-json\/wp\/v2\/types\/post"}],"author":[{"embeddable":true,"href":"https:\/\/linitiative.ca\/International\/wp-json\/wp\/v2\/users\/1813"}],"replies":[{"embeddable":true,"href":"https:\/\/linitiative.ca\/International\/wp-json\/wp\/v2\/comments?post=112273"}],"version-history":[{"count":0,"href":"https:\/\/linitiative.ca\/International\/wp-json\/wp\/v2\/posts\/112273\/revisions"}],"wp:attachment":[{"href":"https:\/\/linitiative.ca\/International\/wp-json\/wp\/v2\/media?parent=112273"}],"wp:term":[{"taxonomy":"category","embeddable":true,"href":"https:\/\/linitiative.ca\/International\/wp-json\/wp\/v2\/categories?post=112273"},{"taxonomy":"post_tag","embeddable":true,"href":"https:\/\/linitiative.ca\/International\/wp-json\/wp\/v2\/tags?post=112273"}],"curies":[{"name":"wp","href":"https:\/\/api.w.org\/{rel}","templated":true}]}}