{"id":112274,"date":"2021-03-01T14:36:36","date_gmt":"2021-03-01T19:36:36","guid":{"rendered":"https:\/\/linitiative.ca\/International\/lancement-du-vaccin-covax-en-afrique\/"},"modified":"2021-03-01T14:36:36","modified_gmt":"2021-03-01T19:36:36","slug":"lancement-du-vaccin-covax-en-afrique","status":"publish","type":"post","link":"https:\/\/linitiative.ca\/International\/lancement-du-vaccin-covax-en-afrique\/","title":{"rendered":"LANCEMENT DU VACCIN COVAX EN AFRIQUE  \u00a0"},"content":{"rendered":"<p class=\"c4\"><em>Petit \u00e0 petit, les pays africains se mettent au diapason des autres nations dans la vaccination contre la Covid-19. Ainsi, apr\u00e8s l\u2019Afrique du Sud et le S\u00e9n\u00e9gal qui ont d\u00e9velopp\u00e9 chacun des initiatives individuelles pour mettre le pr\u00e9cieux s\u00e9same des vaccins \u00e0 la disposition de leurs populations respectives, la C\u00f4te d\u2019Ivoire, \u00e0 la suite du Ghana qui a \u00e9t\u00e9 le premier pays africain \u00e0 recevoir les vaccins COVAX, a proc\u00e9d\u00e9, le 1<sup>er<\/sup> mars 2021, au lancement de sa campagne de vaccination contre la pand\u00e9mie. A noter que le m\u00e9canisme COVAX est une initiative de l\u2019Organisation mondiale de la sant\u00e9 (OMS) pour disponibiliser le vaccin anti-Covid aux populations des pays les plus d\u00e9munis, au moment o\u00f9 dans la course aux vaccins contre la terrible pand\u00e9mie,\u00a0 les grandes puissances, dans une sorte d\u2019instinct de survie aux relents d\u2019\u00e9go\u00efsme, ont tendance \u00e0 s\u2019accaparer des doses disponibles parfois au-del\u00e0 m\u00eame de leurs besoins du moment, au d\u00e9triment des pays pauvres condamn\u00e9s \u00e0 jouer les marmitons pour esp\u00e9rer avoir les restes quand les grands seront repus. Une initiative louable et salutaire pour de nombreux pays africains qui se comptent parmi les plus pauvres au monde, et qui ont besoin encore pour beaucoup, de cette indispensable solidarit\u00e9 internationale pour faire face \u00e0 ce d\u00e9fi sanitaire mondial qui est venu en rajouter \u00e0 la difficult\u00e9 de leur quotidien.<\/em><\/p>\n<p class=\"c4\"><em>\u00a0<\/em><\/p>\n<p class=\"c6\"><strong><em>Le\u00a0 souhait est que le processus puisse s\u2019acc\u00e9l\u00e9rer pour voir d\u2019autres pays du continent noir entamer la vaccination de leurs populations<\/em><\/strong><\/p>\n<p class=\"c6\"><strong><em>\u00a0<\/em><\/strong><\/p>\n<p class=\"c4\"><em>C\u2019est pourquoi il convient de saluer, \u00e0 sa juste valeur, ce geste de l\u2019OMS qui vise une certaine \u00e9quit\u00e9 devant la maladie, dans la lutte pour la protection des populations \u00e0 travers le monde. C\u2019est dire si cette premi\u00e8re exp\u00e9rience, en C\u00f4te d\u2019Ivoire, de vaccination \u00e0 travers l\u2019aide du m\u00e9canisme COVAX sur le continent africain, est porteuse d\u2019espoirs. Et le \u00a0souhait est que le processus puisse s\u2019acc\u00e9l\u00e9rer pour voir d\u2019autres pays du continent noir entamer la vaccination de leurs populations comme cela se fait d\u00e9j\u00e0 en Occident, pour \u00e9tendre au maximum la cha\u00eene de l\u2019immunit\u00e9 et esp\u00e9rer tendre vers cette immunit\u00e9 collective cens\u00e9e mettre un coup de frein aux ravages de la pand\u00e9mie \u00e0 travers le monde.\u00a0<\/em> <em>Mais le tout n\u2019est pas, pourrait-on dire, de lancer une campagne de vaccination. Car, une chose est d\u2019acqu\u00e9rir des vaccins, une autre est de mener rondement les op\u00e9rations de vaccination sur un continent o\u00f9 la m\u00e9fiance des populations vis-\u00e0-vis de ce vaccin,\u00a0 reste encore tenace, principalement en raison de fausses id\u00e9es v\u00e9hicul\u00e9es, sans oublier le favoritisme, le n\u00e9potisme et le copinage qui restent les p\u00e9ch\u00e9s mignons de biens des dirigeants africains. C\u2019est dire si l\u2019adh\u00e9sion des populations reste un autre d\u00e9fi \u00e0 relever. Mais il faut aussi travailler \u00e0 ce que cette campagne se passe dans la transparence et le respect des priorit\u00e9s \u00e9nonc\u00e9es au nombre desquelles l\u2019on esp\u00e8re voir figurer en bonne place les personnes du\u00a0 troisi\u00e8me \u00e2ge. Cela n\u00e9cessite une bonne campagne de sensibilisation pour avoir la confiance des populations encore largement convaincues, dans leur majorit\u00e9, que ce sont les rebus des autres que l\u2019on envoie sur ce continent consid\u00e9r\u00e9 \u00e0 tort ou \u00e0 raison comme \u00a0la poubelle du monde.<\/em><\/p>\n<p class=\"c4\"><em>\u00a0<\/em><\/p>\n<p class=\"c6\"><strong><em>Tant qu\u2019il y aura des malades du Covid-19 quelque part dans le monde, la menace de la pand\u00e9mie restera enti\u00e8re sur la plan\u00e8te<\/em><\/strong><\/p>\n<p class=\"c4\"><em>\u00a0<\/em><\/p>\n<p class=\"c4\"><em>Et le fait que l\u2019Afrique du Sud, par exemple, ait trouv\u00e9 \u00e0 redire sur l\u2019efficacit\u00e9 de son premier lot de vaccins sur son variant, peut pr\u00eater \u00e0 confusion et rendre encore plus difficile l\u2019adh\u00e9sion de certaines populations sur lesquelles les rumeurs et autres fake news ont encore largement de l\u2019emprise \u00e0 travers les r\u00e9seaux sociaux. C\u2019est pourquoi la C\u00f4te d\u2019Ivoire doit mettre un point d\u2019honneur \u00e0 r\u00e9ussir son exercice qui pourrait servir de d\u00e9clic, dans un sens ou dans l\u2019autre, pour d\u2019autres pays africains. En tous les cas, l\u2019arriv\u00e9e de ces vaccins imm\u00e9diatement suivie du lancement de la campagne, ne pouvait pas mieux tomber au pays de Houphou\u00ebt Boigny qui est, avec le Ghana, non seulement l\u2019un des pays les plus touch\u00e9s de la sous-r\u00e9gion ouest-africaine avec ses 32\u00a0000 cas et plus de 180 morts, mais aussi en raison de la campagne pour les l\u00e9gislatives qui pourrait voir un regain des contaminations sur un continent qui conna\u00eet une certaine tendance baissi\u00e8re des chiffres au point que l\u2019Afrique du Sud, pays le plus touch\u00e9 du continent africain, a connu un all\u00e8gement des mesures d\u00e9cr\u00e9t\u00e9es par les autorit\u00e9s le week-end dernier. C\u2019est dire si l\u2019espoir est permis de voir le continent africain sortir du creux de la vague de cette pand\u00e9mie qui n\u2019a pas fini de faire parler d\u2019elle dans le monde, avec des cons\u00e9quences incalculables. Il serait temps. Car, tant qu\u2019il y aura des malades du Covid-19 quelque part dans le monde, la menace de la pand\u00e9mie restera enti\u00e8re sur la plan\u00e8te. Surtout que la question de l\u2019immunit\u00e9 d\u00e9finitive des patients ne semble pas encore avoir de r\u00e9ponse claire. Et m\u00eame si l\u2019Afrique a globalement jusque-l\u00e0 su faire preuve de r\u00e9silience en faisant mentir bien des pr\u00e9visions apocalyptiques, il reste que\u00a0 bien plus que les cons\u00e9quences sanitaires, les cons\u00e9quences \u00e9conomiques continuent de peser lourdement sur un continent aux \u00e9conomies continuellement sous perfusion.<\/em><\/p>\n<p class=\"c4\"><em>\u00a0<\/em><\/p>\n<p class=\"c6\"><strong><em>\u00ab\u00a0Le Pays\u00a0\u00bb<\/em><\/strong><\/p>\n<p><strong>\u00a0<\/strong><\/p>\n<p>Auteur: Le Pays<br \/>\n<a href=\"https:\/\/lepays.bf\/lancement-du-vaccin-covax-en-afrique\/\">Cliquez ici pour lire l&rsquo;article depuis sa source.<\/a><\/p>\n","protected":false},"excerpt":{"rendered":"<p>Petit \u00e0 petit, les pays africains se mettent au diapason des autres nations dans la vaccination contre la Covid-19. Ainsi, apr\u00e8s l\u2019Afrique du Sud et le S\u00e9n\u00e9gal qui ont d\u00e9velopp\u00e9 chacun des initiatives individuelles pour mettre le pr\u00e9cieux s\u00e9same des vaccins \u00e0 la disposition de leurs populations respectives, la C\u00f4te d\u2019Ivoire, \u00e0 la suite du [&hellip;]<\/p>\n","protected":false},"author":1813,"featured_media":0,"comment_status":"closed","ping_status":"closed","sticky":false,"template":"","format":"standard","meta":{"fifu_image_url":"","fifu_image_alt":"","footnotes":""},"categories":[73,81],"tags":[],"class_list":["post-112274","post","type-post","status-publish","format-standard","hentry","category-actualite","category-burkina-faso"],"_links":{"self":[{"href":"https:\/\/linitiative.ca\/International\/wp-json\/wp\/v2\/posts\/112274","targetHints":{"allow":["GET"]}}],"collection":[{"href":"https:\/\/linitiative.ca\/International\/wp-json\/wp\/v2\/posts"}],"about":[{"href":"https:\/\/linitiative.ca\/International\/wp-json\/wp\/v2\/types\/post"}],"author":[{"embeddable":true,"href":"https:\/\/linitiative.ca\/International\/wp-json\/wp\/v2\/users\/1813"}],"replies":[{"embeddable":true,"href":"https:\/\/linitiative.ca\/International\/wp-json\/wp\/v2\/comments?post=112274"}],"version-history":[{"count":0,"href":"https:\/\/linitiative.ca\/International\/wp-json\/wp\/v2\/posts\/112274\/revisions"}],"wp:attachment":[{"href":"https:\/\/linitiative.ca\/International\/wp-json\/wp\/v2\/media?parent=112274"}],"wp:term":[{"taxonomy":"category","embeddable":true,"href":"https:\/\/linitiative.ca\/International\/wp-json\/wp\/v2\/categories?post=112274"},{"taxonomy":"post_tag","embeddable":true,"href":"https:\/\/linitiative.ca\/International\/wp-json\/wp\/v2\/tags?post=112274"}],"curies":[{"name":"wp","href":"https:\/\/api.w.org\/{rel}","templated":true}]}}