{"id":112275,"date":"2021-03-01T14:41:44","date_gmt":"2021-03-01T19:41:44","guid":{"rendered":"https:\/\/linitiative.ca\/International\/processus-electoral-sur-fond-de-violences-meurtrieres-au-tchad\/"},"modified":"2021-03-01T14:41:44","modified_gmt":"2021-03-01T19:41:44","slug":"processus-electoral-sur-fond-de-violences-meurtrieres-au-tchad","status":"publish","type":"post","link":"https:\/\/linitiative.ca\/International\/processus-electoral-sur-fond-de-violences-meurtrieres-au-tchad\/","title":{"rendered":"PROCESSUS ELECTORAL SUR FOND DE VIOLENCES MEURTRIERES AU TCHAD"},"content":{"rendered":"<p class=\"c4\"><em>Au lendemain de l\u2019attaque du domicile de l\u2019opposant tchadien Yaya Dillo, le calme semble revenu \u00e0 N\u2019Djamena. Mais le domicile, pour ne pas dire le quartier o\u00f9 vit le candidat d\u00e9clar\u00e9 \u00e0 la pr\u00e9sidentielle, est toujours sous \u00e9tat de si\u00e8ge. Des dizaines de camionnettes, des v\u00e9hicules blind\u00e9s, des policiers et des \u00e9l\u00e9ments de la garde pr\u00e9sidentielle, dit-on, y \u00e9taient toujours visibles. Mais que reproche-t-on exactement \u00e0 Yaya Dillo dont on dit qu\u2019il est en lieu s\u00fbr\u00a0? On l\u2019accuse \u00ab\u00a0de tentative de d\u00e9stabilisation des institutions de l\u2019Etat depuis de longue date\u00a0\u00bb. On veut bien croire aux autorit\u00e9s tchadiennes. Mais tout porte \u00e0 croire que le pr\u00e9sident Idriss Deby en voulait personnellement au sieur Dillo entr\u00e9 en disgr\u00e2ce\u00a0 apr\u00e8s avoir d\u00e9nonc\u00e9 les d\u00e9penses somptuaires de la Premi\u00e8re dame. Et comme si cela ne suffisait pas, l\u2019ex-ministre convoite d\u00e9sormais le fauteuil pr\u00e9sidentiel puisqu\u2019il a officiellement d\u00e9pos\u00e9 sa candidature le week-end \u00e9coul\u00e9, soit quelques heures seulement avant l\u2019attaque de son domicile. Toute chose que le guerrier devenu mar\u00e9chal ne voyait pas d\u2019un bon \u0153il surtout que Yaya Dillo, \u00e0 ce qu\u2019on dit, b\u00e9n\u00e9ficie, dans cette course \u00e0 l\u2019\u00e9chalote, de soutiens de personnalit\u00e9s qui ne comptent pas\u00a0 pour du beurre. En tout cas, Deby voudrait s\u2019offrir un boulevard qu\u2019il ne s\u2019y prendrait pas autrement. Car, tirant le\u00e7on de ce qui est arriv\u00e9 \u00e0 Yaya Dillo, Saleh Kedzabo a d\u00e9cid\u00e9 de retirer sa candidature \u00e0 la pr\u00e9sidentielle, d\u00e9non\u00e7ant au passage une \u00ab\u00a0 militarisation du processus \u00e9lectoral\u00a0\u00bb.<\/em><\/p>\n<p class=\"c4\"><em>\u00a0<\/em><\/p>\n<p class=\"c6\"><strong><em>Deby doit se convaincre d\u2019une chose\u00a0: toutes les dictatures, m\u00eame les plus f\u00e9roces, connaissent toujours une fin<\/em><\/strong><\/p>\n<p class=\"c6\"><strong><em>\u00a0<\/em><\/strong><\/p>\n<p class=\"c4\"><em>Si en provoquant donc ce climat de terreur au Tchad, \u00a0\u00a0l\u2019objectif de Deby est d\u2019\u00e9carter de la course \u00e0 la pr\u00e9sidentielle, tous les candidats capables de lui tailler des croupi\u00e8res, il l\u2019aura atteint. Il est d\u00e9sormais en roue libre vers un 6<sup>e<\/sup> mandat sur un continent o\u00f9 la tendance est \u00e0 la limitation \u00e0 deux du nombre de mandats pr\u00e9sidentiels. Du reste, le mar\u00e9chal avait-il besoin \u00a0de \u00e7a pour assurer sa r\u00e9\u00e9lection\u00a0? Assur\u00e9ment, non. Car, apr\u00e8s tant de d\u00e9cennies de r\u00e8gne, il a r\u00e9ussi \u00e0 mettre sous ses bottes, toutes les institutions de la R\u00e9publique. Tant et si bien que l\u2019on ne l\u2019imagine pas en train d\u2019organiser des \u00e9lections pour les perdre. Ni le pr\u00e9sident de la CENI ni celui de la Cour constitutionnelle, ne prendront ce risque inconsid\u00e9r\u00e9 de contrarier le ma\u00eetre de N\u2019Djamena qui, dans le cadre de la lutte contre l\u2019ins\u00e9curit\u00e9, a r\u00e9ussi \u00e0 se poser comme un personnage incontournable au Sahel. Ce qui lui vaut la sympathie des Occidentaux qui en ont fait un alli\u00e9 de taille au point qu\u2019ils ferment obstin\u00e9ment les yeux sur ses d\u00e9rives. En tout cas, le pr\u00e9sident Deby doit se convaincre d\u2019une chose\u00a0: toutes les dictatures, m\u00eame les plus f\u00e9roces, connaissent toujours une fin et le plus souvent tragique. Et la sienne n\u2019est pas non plus rassurante; en t\u00e9moigne, m\u00eame si le gouvernement le conteste, la tension et le malaise que l\u2019assaut men\u00e9 contre\u00a0 le domicile de Yaya Dillo, ont provoqu\u00e9 au\u00a0 sein de l\u2019arm\u00e9e.<\/em><\/p>\n<p class=\"c4\"><em>\u00a0<\/em><\/p>\n<p class=\"c6\"><strong><em>B.O<\/em><\/strong><\/p>\n<p class=\"c4\"><em>\u00a0<\/em><\/p>\n<p>Auteur: Le Pays<br \/>\n<a href=\"https:\/\/lepays.bf\/processus-electoral-sur-fond-de-violences-meurtrieres-au-tchad\/\">Cliquez ici pour lire l&rsquo;article depuis sa source.<\/a><\/p>\n","protected":false},"excerpt":{"rendered":"<p>Au lendemain de l\u2019attaque du domicile de l\u2019opposant tchadien Yaya Dillo, le calme semble revenu \u00e0 N\u2019Djamena. Mais le domicile, pour ne pas dire le quartier o\u00f9 vit le candidat d\u00e9clar\u00e9 \u00e0 la pr\u00e9sidentielle, est toujours sous \u00e9tat de si\u00e8ge. Des dizaines de camionnettes, des v\u00e9hicules blind\u00e9s, des policiers et des \u00e9l\u00e9ments de la garde [&hellip;]<\/p>\n","protected":false},"author":1813,"featured_media":0,"comment_status":"closed","ping_status":"closed","sticky":false,"template":"","format":"standard","meta":{"fifu_image_url":"","fifu_image_alt":"","footnotes":""},"categories":[73,81],"tags":[],"class_list":["post-112275","post","type-post","status-publish","format-standard","hentry","category-actualite","category-burkina-faso"],"_links":{"self":[{"href":"https:\/\/linitiative.ca\/International\/wp-json\/wp\/v2\/posts\/112275","targetHints":{"allow":["GET"]}}],"collection":[{"href":"https:\/\/linitiative.ca\/International\/wp-json\/wp\/v2\/posts"}],"about":[{"href":"https:\/\/linitiative.ca\/International\/wp-json\/wp\/v2\/types\/post"}],"author":[{"embeddable":true,"href":"https:\/\/linitiative.ca\/International\/wp-json\/wp\/v2\/users\/1813"}],"replies":[{"embeddable":true,"href":"https:\/\/linitiative.ca\/International\/wp-json\/wp\/v2\/comments?post=112275"}],"version-history":[{"count":0,"href":"https:\/\/linitiative.ca\/International\/wp-json\/wp\/v2\/posts\/112275\/revisions"}],"wp:attachment":[{"href":"https:\/\/linitiative.ca\/International\/wp-json\/wp\/v2\/media?parent=112275"}],"wp:term":[{"taxonomy":"category","embeddable":true,"href":"https:\/\/linitiative.ca\/International\/wp-json\/wp\/v2\/categories?post=112275"},{"taxonomy":"post_tag","embeddable":true,"href":"https:\/\/linitiative.ca\/International\/wp-json\/wp\/v2\/tags?post=112275"}],"curies":[{"name":"wp","href":"https:\/\/api.w.org\/{rel}","templated":true}]}}