{"id":112276,"date":"2021-03-01T14:45:38","date_gmt":"2021-03-01T19:45:38","guid":{"rendered":"https:\/\/linitiative.ca\/International\/crise-post-electorale-au-niger\/"},"modified":"2021-03-01T14:45:38","modified_gmt":"2021-03-01T19:45:38","slug":"crise-post-electorale-au-niger","status":"publish","type":"post","link":"https:\/\/linitiative.ca\/International\/crise-post-electorale-au-niger\/","title":{"rendered":"CRISE POST-ELECTORALE AU NIGER"},"content":{"rendered":"<p class=\"c4\"><em>Les diff\u00e9rents appels \u00e0 la d\u00e9sescalade lanc\u00e9s par des organisations de la soci\u00e9t\u00e9 civile nig\u00e9riennes,\u00a0 la CEN-SAD, la France, la CEDEAO et l\u2019ONU semblent avoir eu un \u00e9cho favorable chez les protagonistes de la crise post-\u00e9lectorale en cours au Niger, d\u2019autant qu\u2019il r\u00e8gne depuis le milieu de la semaine derni\u00e8re, un calme relatif \u00e0 Dosso, \u00a0Gaya,\u00a0 Zinder et surtout Niamey, \u00e9picentre de la contestation des r\u00e9sultats du scrutin pr\u00e9sidentiel et des violentes manifestations enregistr\u00e9es. Pour autant, le Niger n\u2019est pas encore totalement sorti du capharna\u00fcm politique tant redout\u00e9 par tous, puisque que le candidat malheureux, Mahamane Ousmane, continue de d\u00e9noncer,\u00a0 depuis son fief de Zinder, des r\u00e9sultats\u00a0 qu\u2019il qualifie d\u2019apocryphes, \u00a0proclam\u00e9s par une Commission \u00e9lectorale \u00ab\u00a0fantoche\u00a0\u00bb en faveur de son adversaire sur fond de \u00ab\u00a0mis\u00e9rables combines\u00a0\u00bb orchestr\u00e9es par le parti au pouvoir. Des piques \u00e0 son challenger et \u00e0 l\u2019administration \u00e9lectorale, mais des fl\u00e8ches aussi \u00e0 certains partenaires du Niger qui, selon les lieutenants de Mahamane Ousmane, ne doivent pas, par leur \u00ab\u00a0sournoise complicit\u00e9\u00a0\u00bb, valider le \u00ab\u00a0hold-up \u00e9lectoral\u00a0\u00bb en cours. M\u00eame s\u2019il ne se fait gu\u00e8re d\u2019illusions sur l\u2019issue des r\u00e9clamations qu\u2019il entend d\u00e9poser aupr\u00e8s de la Cour constitutionnelle, le camp de l\u2019ancien pr\u00e9sident du Niger pr\u00e9f\u00e8re maintenir la pression \u00e0 coup de d\u00e9clarations incendiaires et de manifestations sporadiques, dans l\u2019espoir sans doute de jouer un r\u00f4le politique important apr\u00e8s la crise, bien que son parti et ses alli\u00e9s soient ultra minoritaires \u00e0 l\u2019Assembl\u00e9e nationale. En tout \u00e9tat de cause, c\u2019est un grand risque qu\u2019il fait courir \u00e0 son pays d\u00e9j\u00e0 malmen\u00e9 \u00e0 ses trois fronti\u00e8res par AQMI et l\u2019Etat islamique au Nord-Ouest, par Boko Haram au Sud-Est, et par des groupes arm\u00e9s incontr\u00f4l\u00e9s op\u00e9rant depuis la Libye voisine au Nord. La situation est d\u2019autant plus inqui\u00e9tante que si cette crise devait durer et se durcir, on ne serait pas \u00e0 l\u2019abri d\u2019un d\u00e9nouement violent \u00e0 court ou \u00e0 moyen terme, comme en 1999\u00a0 quand la crise post-\u00e9lectorale d\u00e9clench\u00e9e trois ans plus t\u00f4t suite au brigandage \u00e9lectoral du G\u00e9n\u00e9ral Ibrahim Bar\u00e9 Mainassara, a connu son \u00e9pilogue avec le putsch qui a cong\u00e9di\u00e9 le r\u00e9gime de ce dernier.<\/em><\/p>\n<p class=\"c4\"><em>\u00a0<\/em><\/p>\n<p class=\"c6\"><strong><em>On attendra de voir si tous ont pris la mesure du danger qui guette ce pays<\/em><\/strong><\/p>\n<p class=\"c4\"><em>\u00a0<\/em><\/p>\n<p class=\"c4\"><em>C\u2019est vrai qu\u2019on n\u2019est plus dans le m\u00eame contexte, mais dans un pays o\u00f9 les tiraillements politiques ont tr\u00e8s souvent d\u00e9bouch\u00e9 sur des coups d\u2019Etat, on ne peut rester indiff\u00e9rent \u00e0 ce qui se passe actuellement dans ce pays fr\u00e8re, surtout avec la vague d\u2019arrestations dans les rangs de l\u2019opposition, que certains estiment \u00eatre ill\u00e9gales, mais surtout inopportunes. Rappelons que l\u2019ancien chef d\u2019Etat-major de l\u2019arm\u00e9e nig\u00e9rienne sous Mahamadou Tandja, le G\u00e9n\u00e9ral Moumouni Boureima, est aux mains des gendarmes depuis le 24 f\u00e9vrier dernier pour avoir \u00e9t\u00e9 r\u00e9ellement ou suppos\u00e9ment \u00e0 l\u2019origine des troubles d\u00e8s l\u2019annonce des r\u00e9sultats du second tour donnant Mohamed Bazoum vainqueur \u00e0 l\u2019issue de la comp\u00e9tition. Un capitaine et un colonel \u00e0 la retraite, tous r\u00e9put\u00e9s \u00eatre des proches\u00a0 de l\u2019opposant Hama Amadou, seraient \u00e9galement d\u00e9tenus pour les m\u00eames raisons. Quant \u00e0 Hama lui-m\u00eame, il serait toujours gard\u00e9 \u00e0 la police judiciaire de Niamey pour avoir suscit\u00e9 les manifestations, et surtout tenu des propos v\u00e9h\u00e9ments contre le pr\u00e9sident \u00e9lu du Niger et ses origines arabes. Si la traque aux opposants devait continuer et si l\u2019on op\u00e9rait une purge qui ne dit pas son nom au sein de la Grande muette, les ingr\u00e9dients d\u2019un cocktail explosif seraient r\u00e9unis au pays du T\u00e9n\u00e9r\u00e9, et l\u2019onde de choc de la d\u00e9flagration pourrait \u00eatre ressentie jusque dans les pays voisins en raison de la fragilit\u00e9 de la situation s\u00e9curitaire dans cette partie du Sahel. C\u2019est sans doute pour \u00e9viter le pire que les autorit\u00e9s toujours en place, par la voix du Premier ministre Brigi Rafini, ont promis aux diplomates et repr\u00e9sentants des organisations internationales au Niger, que les violons seront accord\u00e9s entre pouvoir et opposition pour \u00ab un Niger uni et sans fractures \u00bb. On attendra de voir si tous ont pris la mesure du danger qui guette ce pays qui est pourtant sur le point de marquer l\u2019histoire en ouvrant sous de tr\u00e8s bons auspices, une nouvelle \u00e8re d\u00e9mocratique avec ce passage \u00e0 t\u00e9moin in\u00e9dit entre un pr\u00e9sident civil sortant et un autre civil \u00e9lu au suffrage universel. Les principales centrales syndicales r\u00e9unies au sein de l\u2019Intersyndicale des travailleurs du Niger (ITN) ont demand\u00e9, pour ne pas dire suppli\u00e9, le pr\u00e9sident Mahamadou\u00a0\u00a0 Issoufou d\u2019y mettre du sien afin que le Niger ne rate pas ce rendez-vous avec l\u2019histoire, \u00ab\u00a0au nom de l\u2019int\u00e9r\u00eat sup\u00e9rieur de la Nation\u00a0\u00bb.<\/em><\/p>\n<p class=\"c4\"><em>\u00a0<\/em><\/p>\n<p class=\"c6\"><strong><em>Hamadou GADIAGA<\/em><\/strong><\/p>\n<p>Auteur: Le Pays<br \/>\n<a href=\"https:\/\/lepays.bf\/crise-post-electorale-au-niger\/\">Cliquez ici pour lire l&rsquo;article depuis sa source.<\/a><\/p>\n","protected":false},"excerpt":{"rendered":"<p>Les diff\u00e9rents appels \u00e0 la d\u00e9sescalade lanc\u00e9s par des organisations de la soci\u00e9t\u00e9 civile nig\u00e9riennes,\u00a0 la CEN-SAD, la France, la CEDEAO et l\u2019ONU semblent avoir eu un \u00e9cho favorable chez les protagonistes de la crise post-\u00e9lectorale en cours au Niger, d\u2019autant qu\u2019il r\u00e8gne depuis le milieu de la semaine derni\u00e8re, un calme relatif \u00e0 Dosso, [&hellip;]<\/p>\n","protected":false},"author":1813,"featured_media":0,"comment_status":"closed","ping_status":"closed","sticky":false,"template":"","format":"standard","meta":{"fifu_image_url":"","fifu_image_alt":"","footnotes":""},"categories":[73,81],"tags":[],"class_list":["post-112276","post","type-post","status-publish","format-standard","hentry","category-actualite","category-burkina-faso"],"_links":{"self":[{"href":"https:\/\/linitiative.ca\/International\/wp-json\/wp\/v2\/posts\/112276","targetHints":{"allow":["GET"]}}],"collection":[{"href":"https:\/\/linitiative.ca\/International\/wp-json\/wp\/v2\/posts"}],"about":[{"href":"https:\/\/linitiative.ca\/International\/wp-json\/wp\/v2\/types\/post"}],"author":[{"embeddable":true,"href":"https:\/\/linitiative.ca\/International\/wp-json\/wp\/v2\/users\/1813"}],"replies":[{"embeddable":true,"href":"https:\/\/linitiative.ca\/International\/wp-json\/wp\/v2\/comments?post=112276"}],"version-history":[{"count":0,"href":"https:\/\/linitiative.ca\/International\/wp-json\/wp\/v2\/posts\/112276\/revisions"}],"wp:attachment":[{"href":"https:\/\/linitiative.ca\/International\/wp-json\/wp\/v2\/media?parent=112276"}],"wp:term":[{"taxonomy":"category","embeddable":true,"href":"https:\/\/linitiative.ca\/International\/wp-json\/wp\/v2\/categories?post=112276"},{"taxonomy":"post_tag","embeddable":true,"href":"https:\/\/linitiative.ca\/International\/wp-json\/wp\/v2\/tags?post=112276"}],"curies":[{"name":"wp","href":"https:\/\/api.w.org\/{rel}","templated":true}]}}