{"id":112277,"date":"2021-03-01T14:49:24","date_gmt":"2021-03-01T19:49:24","guid":{"rendered":"https:\/\/linitiative.ca\/International\/enlevements-massifs-reguliers-au-pays-de-buhari\/"},"modified":"2021-03-01T14:49:24","modified_gmt":"2021-03-01T19:49:24","slug":"enlevements-massifs-reguliers-au-pays-de-buhari","status":"publish","type":"post","link":"https:\/\/linitiative.ca\/International\/enlevements-massifs-reguliers-au-pays-de-buhari\/","title":{"rendered":"ENLEVEMENTS MASSIFS REGULIERS \u00a0\u00a0AU PAYS DE BUHARI"},"content":{"rendered":"<p class=\"c4\"><em>D\u00e9cid\u00e9ment, le Nigeria ne finira pas de surprendre avec ses enl\u00e8vements d\u2019\u00e9coliers \u00e0 r\u00e9p\u00e9tition. En effet, pas plus tard que le 26 f\u00e9vrier dernier, 317 \u00e9coli\u00e8res ont \u00e9t\u00e9 kidnapp\u00e9es par des hommes arm\u00e9s\u00a0 \u00e0 Zamfara dans le Nord-Ouest du pays. De d\u00e9cembre 2020 \u00e0 f\u00e9vrier 2021, ce sont plus de 650 \u00e9coliers qui ont \u00e9t\u00e9 enlev\u00e9s. Et si l\u2019on n\u2019y prend garde, ces enl\u00e8vements risquent de devenir, si ce n\u2019est d\u00e9j\u00e0 le cas, un fait banal au Nigeria, tout comme les attaques terroristes. Dire aujourd\u2019hui qu\u2019une attaque terroriste a co\u00fbt\u00e9 la vie \u00e0 dix ou vingt personnes au Nigeria, rel\u00e8ve d\u00e9sormais quasiment du non-\u00e9v\u00e8nement. Cela dit, on en vient \u00e0 se poser des questions face \u00e0 ces kidnappings r\u00e9p\u00e9t\u00e9s. S\u2019agit-il de l\u2019\u0153uvre de Boko Haram ou de celle de simples bandits\u00a0? En effet, on le sait, les enfants, surtout les jeunes filles, constituent une cible privil\u00e9gi\u00e9e pour Abubakar Shekau et sa bande de criminels. Et cela ne saurait \u00e9tonner outre mesure, puisque ces derni\u00e8res ont une valeur marchande. Non seulement elles peuvent \u00eatre vendues comme des esclaves sexuelles, mari\u00e9es de force \u00e0 des combattants, mais aussi \u00a0\u00a0\u00eatre endoctrin\u00e9es et utilis\u00e9es plus tard comme des kamikazes. L\u2019exemple des 276 lyc\u00e9ennes enlev\u00e9es en 2014 \u00e0 Chibok, en est illustratif. Toutefois, de simples bandits pourraient aussi \u00eatre \u00e0 l\u2019origine de ces enl\u00e8vements. On est d\u2019autant plus fond\u00e9 \u00e0 le penser que le paiement de ran\u00e7ons pour obtenir la lib\u00e9ration d\u2019otages,\u00a0 est devenu un business florissant au Nigeria.\u00a0 En tout \u00e9tat de cause, que ces prises d\u2019otages en masse r\u00e9guli\u00e8res soient l\u2019\u0153uvre de terroristes ou de bandits, le r\u00e9sultat est le m\u00eame\u00a0: c\u2019est l\u2019expression d\u2019un Etat failli. Cela est d\u2019autant plus vrai qu\u2019en d\u00e9pit des changements op\u00e9r\u00e9s \u00e0 la t\u00eate de l\u2019arm\u00e9e, on fait le constat que le cycle des enl\u00e8vements se poursuit au grand dam des parents d\u2019\u00e9l\u00e8ves. Y a-t-il encore un capitaine aux commandes du navire nig\u00e9rian ?<\/em><\/p>\n<p class=\"c4\"><em>\u00a0<\/em><\/p>\n<p class=\"c6\"><strong><em>On ne saurait lutter efficacement contre l\u2019ins\u00e9curit\u00e9 et le terrorisme dans un pays o\u00f9 la corruption est devenue le sport favori<\/em><\/strong><\/p>\n<p class=\"c4\"><em>\u00a0<\/em><\/p>\n<p class=\"c4\"><em>En tout cas, le pr\u00e9sident Muhammadu Buhari devrait en avoir honte. L\u2019on se rappelle que ce dernier avait promis, en 2015, d\u2019en finir avec Boko Haram en 90 jours, s\u2019il acc\u00e9dait au pouvoir. Six ans apr\u00e8s, le bilan est bien d\u00e9cevant. M\u00eame si la conjugaison des efforts a permis de r\u00e9duire la voilure de la b\u00eate immonde, force est de constater qu\u2019elle est loin d\u2019\u00eatre vaincue. Et ce ne sont pas les parents des pauvres fillettes enlev\u00e9es \u00e0 Zamfara, qui diront le contraire ; eux qui ne savent plus \u00e0 quel saint se vouer.\u00a0<\/em> <em>Le moins que l\u2019on puisse dire, c\u2019est que ces enl\u00e8vements de scolaires constituent un coup dur pour le monde \u00e9ducatif nig\u00e9rian. Car, la scolarisation des jeunes filles et c\u2019est peu de le dire, risque d\u2019en prendre un s\u00e9rieux coup. Pour autant, faut-il d\u00e9sesp\u00e9rer du Nigeria\u00a0? Il y a bien des raisons de \u00a0le penser. En effet, tant que la corruption, cet autre mal qui gangr\u00e8ne le pays, ne sera pas vaincue, le Nigeria ne finira pas avec ses spasmes sociaux. Car,\u00a0 on ne saurait lutter efficacement contre l\u2019ins\u00e9curit\u00e9 et le terrorisme dans un pays o\u00f9 la corruption est devenue le sport favori de la majorit\u00e9 des citoyens. Cela dit, en attendant que le pays s\u00e9cr\u00e8te une nouvelle race d\u2019hommes plus soucieux de la vie humaine, les autorit\u00e9s nig\u00e9rianes doivent faire de la s\u00e9curisation des enceintes \u00a0scolaires, l\u2019une de leurs priorit\u00e9s centrales. Certes, ce n\u2019est pas chose ais\u00e9e au regard de la d\u00e9mographie et de la taille du Nigeria. Mais le jeu en vaut la chandelle, d\u2019autant qu\u2019il y va de l\u2019avenir de l\u2019\u00e9ducation pour ne pas dire de la survie de ce g\u00e9ant aux pieds d\u2019argile.<\/em><\/p>\n<p class=\"c4\"><em>\u00a0<\/em><\/p>\n<p class=\"c6\"><strong><em>Dabadi ZOUMBARA<\/em><\/strong><\/p>\n<p>Auteur: Le Pays<br \/>\n<a href=\"https:\/\/lepays.bf\/enlevements-massifs-reguliers-au-pays-de-buhari\/\">Cliquez ici pour lire l&rsquo;article depuis sa source.<\/a><\/p>\n","protected":false},"excerpt":{"rendered":"<p>D\u00e9cid\u00e9ment, le Nigeria ne finira pas de surprendre avec ses enl\u00e8vements d\u2019\u00e9coliers \u00e0 r\u00e9p\u00e9tition. En effet, pas plus tard que le 26 f\u00e9vrier dernier, 317 \u00e9coli\u00e8res ont \u00e9t\u00e9 kidnapp\u00e9es par des hommes arm\u00e9s\u00a0 \u00e0 Zamfara dans le Nord-Ouest du pays. De d\u00e9cembre 2020 \u00e0 f\u00e9vrier 2021, ce sont plus de 650 \u00e9coliers qui ont \u00e9t\u00e9 [&hellip;]<\/p>\n","protected":false},"author":1813,"featured_media":0,"comment_status":"closed","ping_status":"closed","sticky":false,"template":"","format":"standard","meta":{"fifu_image_url":"","fifu_image_alt":"","footnotes":""},"categories":[73,81],"tags":[],"class_list":["post-112277","post","type-post","status-publish","format-standard","hentry","category-actualite","category-burkina-faso"],"_links":{"self":[{"href":"https:\/\/linitiative.ca\/International\/wp-json\/wp\/v2\/posts\/112277","targetHints":{"allow":["GET"]}}],"collection":[{"href":"https:\/\/linitiative.ca\/International\/wp-json\/wp\/v2\/posts"}],"about":[{"href":"https:\/\/linitiative.ca\/International\/wp-json\/wp\/v2\/types\/post"}],"author":[{"embeddable":true,"href":"https:\/\/linitiative.ca\/International\/wp-json\/wp\/v2\/users\/1813"}],"replies":[{"embeddable":true,"href":"https:\/\/linitiative.ca\/International\/wp-json\/wp\/v2\/comments?post=112277"}],"version-history":[{"count":0,"href":"https:\/\/linitiative.ca\/International\/wp-json\/wp\/v2\/posts\/112277\/revisions"}],"wp:attachment":[{"href":"https:\/\/linitiative.ca\/International\/wp-json\/wp\/v2\/media?parent=112277"}],"wp:term":[{"taxonomy":"category","embeddable":true,"href":"https:\/\/linitiative.ca\/International\/wp-json\/wp\/v2\/categories?post=112277"},{"taxonomy":"post_tag","embeddable":true,"href":"https:\/\/linitiative.ca\/International\/wp-json\/wp\/v2\/tags?post=112277"}],"curies":[{"name":"wp","href":"https:\/\/api.w.org\/{rel}","templated":true}]}}