{"id":112278,"date":"2021-03-01T16:27:01","date_gmt":"2021-03-01T21:27:01","guid":{"rendered":"https:\/\/linitiative.ca\/International\/tchad-sanglante-empoignade-avant-lheure\/"},"modified":"2021-03-01T16:27:01","modified_gmt":"2021-03-01T21:27:01","slug":"tchad-sanglante-empoignade-avant-lheure","status":"publish","type":"post","link":"https:\/\/linitiative.ca\/International\/tchad-sanglante-empoignade-avant-lheure\/","title":{"rendered":"Tchad  Sanglante empoignade avant l\u2019heure"},"content":{"rendered":"<div class=\"td-post-content tagdiv-type\" readability=\"52\">\n<p>L\u2019opposant et candidat \u00e0 la pr\u00e9sidentielle du 11 avril 2021 au Tchad, Yaya Dillo, vit des moments difficiles depuis peu. Des hommes arm\u00e9s ont attaqu\u00e9 son domicile dans la soir\u00e9e du dimanche 28 f\u00e9vrier, tuant cinq personnes dont sa m\u00e8re et son fils. Les auteurs de ces violences appartiennent, selon des sources locales, \u00e0 une unit\u00e9 de la garde pr\u00e9sidentielle dirig\u00e9e par le fils du pr\u00e9sident Idriss D\u00e9by. La question qui vient \u00e0 l\u2019esprit est : Qu\u2019est-ce que Yaya Dillo a pu bien faire pour m\u00e9riter une telle foudre de la part du pouvoir ? Ancien rebelle, proche et originaire de la m\u00eame tribu que le chef de l\u2019Etat, Idriss D\u00e9by, les Zaghawas, Yaya Dillo paie certainement pour avoir os\u00e9 convoiter le tr\u00f4ne auquel tient visc\u00e9ralement le clan D\u00e9by. Bien avant cet assaut au domicile de l\u2019opposant, le quartier dans lequel habite le candidat du Parti socialiste sans fronti\u00e8res \u00e9tait quadrill\u00e9 par des militaires arm\u00e9s sans raison objective. Craignant que Yaya Dillo ne fasse bouger les lignes en sa faveur lors de la campagne \u00e9lectorale, le camp pr\u00e9sidentiel a pris de l\u2019avance pour le r\u00e9duire simplement au silence. Le moral de M. Dillo est \u00e9branl\u00e9 \u00e0 quelques jours de l\u2019ouverture de la campagne \u00e9lectorale. Dans quelles conditions s\u00e9curitaires pourra-t-il aller \u00e0 la conqu\u00eate de l\u2019\u00e9lectorat si l\u2019on n\u2019a pas h\u00e9sit\u00e9 \u00e0 attaquer son domicile ? Comment battre une campagne \u00e9lectorale dans la s\u00e9r\u00e9nit\u00e9 quand vos proches ont \u00e9t\u00e9 l\u00e2chement assassin\u00e9s ? Autant de questions qui vont pr\u00e9occuper le candidat. En clair, Yaya Dillo fera de la figuration lors de la campagne puisque sa vie m\u00eame est en danger. Si c\u2019est une strat\u00e9gie pour limiter les chances d\u2019un challenger, le camp du pr\u00e9sident tchadien a fait la pire des options. L\u2019on ne peut pas comprendre que dans un pays qui se dit d\u00e9mocratique, de tels agissements moyen\u00e2geux puissent avoir pignon sur rue. Tout le monde conna\u00eet l\u2019issue de l\u2019\u00e9lection pr\u00e9sidentielle du 11 avril prochain. Idriss D\u00e9by sera r\u00e9\u00e9lu sans surprise pour son sixi\u00e8me mandat. De ce fait, il n\u2019a pas besoin de s\u2019en prendre \u00e0 ses opposants de cette mani\u00e8re r\u00e9trograde. En tous les cas, c\u2019est l\u2019image du Tchad et de sa d\u00e9mocratie qui se trouve ternie par ces actes barbares et insens\u00e9s. Ce qui arrive \u00e0 Yaya Dillo est quelque part un message envoy\u00e9 aux 15 autres challengers en lice pour la pr\u00e9sidentielle : gare \u00e0 celui qui voudra montrer qu\u2019il pourrait inqui\u00e9ter le pr\u00e9sident-candidat Idriss D\u00e9by ! Les adversaires du pr\u00e9sident sortant devront savoir se tenir durant cette p\u00e9riode \u00e9lectorale au risque d\u2019essuyer sa col\u00e8re. Au nom de la d\u00e9mocratie et de la boulimie du pouvoir, les droits des citoyens sont litt\u00e9ralement pi\u00e9tin\u00e9s. Triste et r\u00e9voltant que l\u2019avenir d\u2019un pays soit pris en otage par un chef et son clan qui dictent leur loi. Quand le Tchad va-t-il renouer avec l\u2019\u00e9tat de droit o\u00f9 le citoyen sera respect\u00e9 et prot\u00e9g\u00e9 ? Il faudra attendre encore.<\/p>\n<p>Karim BADOLO<\/p>\n<div class=\"td-a-rec td-a-rec-id-content_bottom tdi_33_06b td_block_template_1\">\n<p><img loading=\"lazy\" decoding=\"async\" class=\"aligncenter size-full wp-image-27454\" src=\"https:\/\/www.sidwaya.info\/wp-content\/uploads\/2020\/10\/PUB-Bandeau-paiement-mobile-siteweb.jpg\" alt=\"\" width=\"728\" height=\"90\"\/><\/div>\n<\/div>\n<footer>\n<div class=\"td-post-sharing-bottom\">\n<p><iframe frameborder=\"0\" src=\"https:\/\/www.facebook.com\/plugins\/like.php?href=https:\/\/www.sidwaya.info\/blog\/2021\/03\/01\/tchad-sanglante-empoignade-avant-lheure\/&amp;layout=button_count&amp;show_faces=false&amp;width=105&amp;action=like&amp;colorscheme=light&amp;height=21\" class=\"c1\">[embedded content]<\/iframe><\/p>\n<\/div>\n<div class=\"td-block-row td-post-next-prev\">\n<div class=\"td-block-span6 td-post-prev-post td-post-next-prev-content\"><span>Article pr\u00e9c\u00e9dent<\/span><a href=\"https:\/\/www.sidwaya.info\/blog\/2021\/03\/01\/election-a-la-presidence-de-la-caf-le-senegal-sollicite-le-soutien-du-burkina\/\">Election \u00e0 la pr\u00e9sidence de la CAF: le S\u00e9n\u00e9gal sollicite le soutien du Burkina<\/a><\/div>\n<div class=\"td-block-span6 td-post-next-post td-post-next-prev-content\"><span>Article suivant<\/span><a href=\"https:\/\/www.sidwaya.info\/blog\/2021\/03\/01\/agence-universitaire-de-la-francophonie-le-recteur-slim-khalbous-devoile-les-grands-chantiers\/\">Agence universitaire de la francophonie: le recteur, Slim Khalbous, d\u00e9voile les grands chantiers<\/a><\/div>\n<\/div>\n<p><meta itemprop=\"name\" content=\"BM. Sidwaya\"\/><br \/>\n<meta itemprop=\"datePublished\" content=\"2021-03-01T21:27:01+00:00\"\/><br \/>\n<meta itemprop=\"dateModified\" content=\"2021-03-01T21:27:01+00:00\"\/><br \/>\n<meta itemscope=\"itemscope\" itemprop=\"mainEntityOfPage\" itemtype=\"https:\/\/schema.org\/WebPage\" itemid=\"https:\/\/www.sidwaya.info\/blog\/2021\/03\/01\/tchad-sanglante-empoignade-avant-lheure\/\"\/><br \/>\n<meta itemprop=\"url\" content=\"https:\/\/www.sidwaya.info\/wp-content\/uploads\/2019\/08\/sidwaya-bon-544-1.jpg\"\/><br \/>\n<meta itemprop=\"name\" content=\"Quotidien Sidwaya\"\/><br \/>\n<meta itemprop=\"headline\" content=\"Tchad Sanglante empoignade avant l\u2019heure\"\/><br \/>\n<meta itemprop=\"url\" content=\"https:\/\/www.sidwaya.info\/wp-content\/themes\/Newspaper%203\/images\/no-thumb\/td_meta_replacement.png\"\/><br \/>\n<meta itemprop=\"width\" content=\"1068\"\/><br \/>\n<meta itemprop=\"height\" content=\"580\"\/><\/footer>\n<p>Auteur: BM. Sidwaya<br \/>\n<a href=\"https:\/\/www.sidwaya.info\/blog\/2021\/03\/01\/tchad-sanglante-empoignade-avant-lheure\/\">Cliquez ici pour lire l&rsquo;article depuis sa source.<\/a><\/p>\n","protected":false},"excerpt":{"rendered":"<p>L\u2019opposant et candidat \u00e0 la pr\u00e9sidentielle du 11 avril 2021 au Tchad, Yaya Dillo, vit des moments difficiles depuis peu. Des hommes arm\u00e9s ont attaqu\u00e9 son domicile dans la soir\u00e9e du dimanche 28 f\u00e9vrier, tuant cinq personnes dont sa m\u00e8re et son fils. Les auteurs de ces violences appartiennent, selon des sources locales, \u00e0 une [&hellip;]<\/p>\n","protected":false},"author":1816,"featured_media":0,"comment_status":"closed","ping_status":"closed","sticky":false,"template":"","format":"standard","meta":{"fifu_image_url":"https:\/\/www.sidwaya.info\/wp-content\/uploads\/2020\/10\/PUB-Bandeau-paiement-mobile-siteweb.jpg","fifu_image_alt":"Tchad  Sanglante empoignade avant l\u2019heure","footnotes":""},"categories":[73,81],"tags":[],"class_list":["post-112278","post","type-post","status-publish","format-standard","hentry","category-actualite","category-burkina-faso"],"_links":{"self":[{"href":"https:\/\/linitiative.ca\/International\/wp-json\/wp\/v2\/posts\/112278","targetHints":{"allow":["GET"]}}],"collection":[{"href":"https:\/\/linitiative.ca\/International\/wp-json\/wp\/v2\/posts"}],"about":[{"href":"https:\/\/linitiative.ca\/International\/wp-json\/wp\/v2\/types\/post"}],"author":[{"embeddable":true,"href":"https:\/\/linitiative.ca\/International\/wp-json\/wp\/v2\/users\/1816"}],"replies":[{"embeddable":true,"href":"https:\/\/linitiative.ca\/International\/wp-json\/wp\/v2\/comments?post=112278"}],"version-history":[{"count":0,"href":"https:\/\/linitiative.ca\/International\/wp-json\/wp\/v2\/posts\/112278\/revisions"}],"wp:attachment":[{"href":"https:\/\/linitiative.ca\/International\/wp-json\/wp\/v2\/media?parent=112278"}],"wp:term":[{"taxonomy":"category","embeddable":true,"href":"https:\/\/linitiative.ca\/International\/wp-json\/wp\/v2\/categories?post=112278"},{"taxonomy":"post_tag","embeddable":true,"href":"https:\/\/linitiative.ca\/International\/wp-json\/wp\/v2\/tags?post=112278"}],"curies":[{"name":"wp","href":"https:\/\/api.w.org\/{rel}","templated":true}]}}