{"id":112280,"date":"2021-03-01T16:43:09","date_gmt":"2021-03-01T21:43:09","guid":{"rendered":"https:\/\/linitiative.ca\/International\/gestion-des-finances-publiques-un-jugement-accelere-pour-apurer-les-comptes\/"},"modified":"2021-03-01T16:43:09","modified_gmt":"2021-03-01T21:43:09","slug":"gestion-des-finances-publiques-un-jugement-accelere-pour-apurer-les-comptes","status":"publish","type":"post","link":"https:\/\/linitiative.ca\/International\/gestion-des-finances-publiques-un-jugement-accelere-pour-apurer-les-comptes\/","title":{"rendered":"Gestion des finances publiques: un jugement acc\u00e9l\u00e9r\u00e9 pour apurer  les comptes"},"content":{"rendered":"<div class=\"td-post-featured-image\"><a href=\"https:\/\/www.sidwaya.info\/wp-content\/uploads\/2021\/03\/comptable.jpg\" data-caption=\"\"><img loading=\"lazy\" decoding=\"async\" width=\"692\" height=\"520\" class=\"entry-thumb td-modal-image\" src=\"https:\/\/www.sidwaya.info\/wp-content\/uploads\/2021\/03\/comptable.jpg\" srcset=\"https:\/\/www.sidwaya.info\/wp-content\/uploads\/2021\/03\/comptable.jpg 692w, https:\/\/www.sidwaya.info\/wp-content\/uploads\/2021\/03\/comptable-300x225.jpg 300w, https:\/\/www.sidwaya.info\/wp-content\/uploads\/2021\/03\/comptable-150x113.jpg 150w, https:\/\/www.sidwaya.info\/wp-content\/uploads\/2021\/03\/comptable-559x420.jpg 559w, https:\/\/www.sidwaya.info\/wp-content\/uploads\/2021\/03\/comptable-80x60.jpg 80w, https:\/\/www.sidwaya.info\/wp-content\/uploads\/2021\/03\/comptable-265x198.jpg 265w\" sizes=\"auto, (max-width: 692px) 100vw, 692px\" alt=\"\" title=\"comptable\"\/><\/a><\/div>\n<p><strong>La Cour des comptes a lanc\u00e9 le processus de jugement acc\u00e9l\u00e9r\u00e9 des comptes de gestion des comptables publics de l\u2019Etat, des collectivit\u00e9s territoriales et des Etablissements publics de l\u2019Etat, le lundi 1er mars 2021, \u00e0 Ouagadougou. L\u2019op\u00e9ration va durer un mois et concernera environ 2000 comptes de gestion.<\/strong><\/p>\n<p>La Cour des comptes veut \u00e9vacuer le lourd passif des comptes de gestion sans jugement qu\u2019il draine depuis des ann\u00e9es. Elle a, dans cet objectif, lanc\u00e9 le jugement acc\u00e9l\u00e9r\u00e9 des comptes de gestion des comptables publics de l\u2019Etat, des collectivit\u00e9s territoriales et des \u00e9tablissements publics de l\u2019Etat, le lundi 1er mars 2021, \u00e0 Ouagadougou. En un mois, 16 comptes de gestion de l\u2019Etat, 552 des \u00e9tablissements publics de l\u2019Etat, 78 des conseils r\u00e9gionaux, 244 des communes urbaines et 1096 comptes des communes rurales vont \u00eatre examin\u00e9s par cette instance de contr\u00f4le juridictionnel des finances publiques, a fait savoir le premier pr\u00e9sident de la Cour des comptes, Jean Emile Somda.<br \/>Pour lui, son institution s\u2019est adonn\u00e9e \u00e0 cet exercice en \u00e9tant coinc\u00e9 entre deux imp\u00e9ratifs. \u00abLa Cour des comptes devra, en premier lieu, s\u2019organiser de mani\u00e8re \u00e0 ce que les comptes produits entre 2001 et 2016 (soit avant l\u2019entr\u00e9e en vigueur de la LOLF), soient jug\u00e9s pour permettre l\u2019enchainement r\u00e9gulier des anciens comptes avec les nouveaux ; secundo, les comptes produits en 2016 et d\u00e9pos\u00e9s \u00e0 la Cour en 2017 seront prescrits en 2022, c\u2019est-\u00e0-dire l\u2019ann\u00e9e prochaine, s\u2019ils ne sont pas jug\u00e9s \u00bb, a soulign\u00e9 le pr\u00e9sident Somda. Ce qui justifie, selon lui, la proc\u00e9dure du jugement acc\u00e9l\u00e9r\u00e9 qui ne doit pas \u00eatre synonyme de jugement exp\u00e9ditif et b\u00e2cl\u00e9. Pour lui, cet apurement du passif va permettre \u00e0 la Cour des comptes de se r\u00e9concilier avec sa vocation d\u2019institution juridictionnelle \u00e0 travers le jugement r\u00e9gulier des comptes.<\/p>\n<p>Eviter un nouveau passif<\/p>\n<p>Le ministre en charge des finances, Lassan\u00e9 Kabor\u00e9, s\u2019est r\u00e9joui de cette proc\u00e9dure acc\u00e9l\u00e9r\u00e9e qui va contribuer \u00e0 mettre \u00e0 jour un certain nombre de comptes publics, d\u2019apurer le passif et d\u2019aller sur les comptes r\u00e9cents. S\u2019il y a des fautes de gestion, les concern\u00e9s seront entendus, a-t-il pr\u00e9cis\u00e9. \u00ab Mais au-del\u00e0 des sanctions, cet exercice va permettre \u00e0 son d\u00e9partement de prendre des mesures correctives afin d\u2019\u00e9viter \u00e0 l\u2019Etat une \u00e9rosion des finances publiques \u00bb, a ajout\u00e9 le ministre Kabor\u00e9.<br \/>La repr\u00e9sentante de la d\u00e9l\u00e9gation de l\u2019Union europ\u00e9enne (UE) au Burkina Faso, Pilar Palmero, a souhait\u00e9 que le processus entam\u00e9 aille \u00e0 son terme, afin de d\u00e9charger les comptables concern\u00e9s de leur gestion respective. \u00ab Plus encore, que le processus \u00e9vite d\u00e9sormais l\u2019accumulation de nouveaux stocks afin que la Cour retrouve sa pl\u00e9nitude comme juge des comptes \u00bb, a-t-elle esp\u00e9r\u00e9.<br \/>Pilar Palmero a, par ailleurs, invit\u00e9 l\u2019institution de contr\u00f4le des finances publiques \u00e0 relever le d\u00e9fi de l\u2019am\u00e9lioration de sa communication envers le public et de sa cr\u00e9dibilit\u00e9. Au gouvernement, la repr\u00e9sentante de l\u2019UE a demand\u00e9 de mettre \u00e0 jour la loi organique relative \u00e0 la Cour des comptes pour l\u2019adapter aux normes internationales et au mod\u00e8le de contr\u00f4le public souhait\u00e9 par le Burkina Faso.<\/p>\n<p>Mahamadi SEBOGO<br \/>Windmad76@gmail.com<\/p>\n<div class=\"td-a-rec td-a-rec-id-content_bottom tdi_33_e66 td_block_template_1\">\n<p><img loading=\"lazy\" decoding=\"async\" class=\"aligncenter size-full wp-image-27454\" src=\"https:\/\/www.sidwaya.info\/wp-content\/uploads\/2020\/10\/PUB-Bandeau-paiement-mobile-siteweb.jpg\" alt=\"\" width=\"728\" height=\"90\"\/><\/div>\n<p>Auteur: BM. Sidwaya<br \/>\n<a href=\"https:\/\/www.sidwaya.info\/blog\/2021\/03\/01\/gestion-des-finances-publiques-un-jugement-accelere-pour-apurer-les-comptes\/\">Cliquez ici pour lire l&rsquo;article depuis sa source.<\/a><\/p>\n","protected":false},"excerpt":{"rendered":"<p>La Cour des comptes a lanc\u00e9 le processus de jugement acc\u00e9l\u00e9r\u00e9 des comptes de gestion des comptables publics de l\u2019Etat, des collectivit\u00e9s territoriales et des Etablissements publics de l\u2019Etat, le lundi 1er mars 2021, \u00e0 Ouagadougou. L\u2019op\u00e9ration va durer un mois et concernera environ 2000 comptes de gestion. La Cour des comptes veut \u00e9vacuer le [&hellip;]<\/p>\n","protected":false},"author":1816,"featured_media":0,"comment_status":"closed","ping_status":"closed","sticky":false,"template":"","format":"standard","meta":{"fifu_image_url":"https:\/\/www.sidwaya.info\/wp-content\/uploads\/2021\/03\/comptable.jpg","fifu_image_alt":"Gestion des finances publiques: un jugement acc\u00e9l\u00e9r\u00e9 pour apurer  les comptes","footnotes":""},"categories":[73,81],"tags":[],"class_list":["post-112280","post","type-post","status-publish","format-standard","hentry","category-actualite","category-burkina-faso"],"_links":{"self":[{"href":"https:\/\/linitiative.ca\/International\/wp-json\/wp\/v2\/posts\/112280","targetHints":{"allow":["GET"]}}],"collection":[{"href":"https:\/\/linitiative.ca\/International\/wp-json\/wp\/v2\/posts"}],"about":[{"href":"https:\/\/linitiative.ca\/International\/wp-json\/wp\/v2\/types\/post"}],"author":[{"embeddable":true,"href":"https:\/\/linitiative.ca\/International\/wp-json\/wp\/v2\/users\/1816"}],"replies":[{"embeddable":true,"href":"https:\/\/linitiative.ca\/International\/wp-json\/wp\/v2\/comments?post=112280"}],"version-history":[{"count":0,"href":"https:\/\/linitiative.ca\/International\/wp-json\/wp\/v2\/posts\/112280\/revisions"}],"wp:attachment":[{"href":"https:\/\/linitiative.ca\/International\/wp-json\/wp\/v2\/media?parent=112280"}],"wp:term":[{"taxonomy":"category","embeddable":true,"href":"https:\/\/linitiative.ca\/International\/wp-json\/wp\/v2\/categories?post=112280"},{"taxonomy":"post_tag","embeddable":true,"href":"https:\/\/linitiative.ca\/International\/wp-json\/wp\/v2\/tags?post=112280"}],"curies":[{"name":"wp","href":"https:\/\/api.w.org\/{rel}","templated":true}]}}