{"id":112285,"date":"2021-03-01T16:18:03","date_gmt":"2021-03-01T21:18:03","guid":{"rendered":"https:\/\/linitiative.ca\/International\/le-maroc-suspend-tout-contact-avec-lambassade-dallemagne-a-rabat\/"},"modified":"2021-03-01T16:18:03","modified_gmt":"2021-03-01T21:18:03","slug":"le-maroc-suspend-tout-contact-avec-lambassade-dallemagne-a-rabat","status":"publish","type":"post","link":"https:\/\/linitiative.ca\/International\/le-maroc-suspend-tout-contact-avec-lambassade-dallemagne-a-rabat\/","title":{"rendered":"Le Maroc suspend tout contact avec l\u2019ambassade d\u2019Allemagne \u00e0 Rabat"},"content":{"rendered":"<div readability=\"32\">\n<p>Publi\u00e9 le 01.03.2021 \u00e0 22h18 par APA News<\/p>\n<\/div>\n<div readability=\"58\">\n<p>Le minist\u00e8re marocain des Affaires \u00e9trang\u00e8res a adress\u00e9, lundi, une lettre au Chef de gouvernement et \u00e0 l\u2019ensemble des membres du gouvernement marocain dans laquelle, il annonce la suspension de tout contact avec l\u2019ambassade d\u2019Allemagne \u00e0 Rabat.\u00ab En raison des malentendus profonds avec la r\u00e9publique f\u00e9d\u00e9rale d\u2019Allemagne au sujet des questions fondamentales du Royaume du Maroc, les d\u00e9partements minist\u00e9riels de l\u2019ensemble des organismes qui rel\u00e8vent de leurs tutelles sont pri\u00e9s de bien vouloir suspendre tout contact, interaction, ou action de coop\u00e9ration, en aucun cas ou sous aucune forme aussi bien avec l\u2019Ambassade d\u2019Allemagne au Maroc qu\u2019avec les organismes de coop\u00e9ration et les fondations politiques allemandes qui lui sont li\u00e9s \u00bb, lit-on dans cette correspondance, dont APA d\u00e9tient une copie.<\/p>\n<p>Et d\u2019ajouter que \u00ab toute d\u00e9rogation \u00e0 cette suspension ne pourra se faire que sur la base d\u2019un accord pr\u00e9alable explicite du minist\u00e8re des affaires \u00e9trang\u00e8res, de la Coop\u00e9ration africaine et des Marocains r\u00e9sidant \u00e0 l\u2019\u00e9tranger \u00bb.<\/p>\n<p>\u00ab Dans ce cadre, il y a eu lieu de noter que le minist\u00e8re des affaires \u00e9trang\u00e8res, de la Coop\u00e9ration africaine et des Marocains r\u00e9sidant \u00e0 l\u2019\u00e9tranger a, \u00e9galement pris la d\u00e9cision de suspendre tout contact ou d\u00e9marche avec l\u2019ambassade d\u2019Allemagne au Maroc \u00bb, souligne la m\u00eame source.<\/p>\n<\/div>\n<p>Auteur: APA News<br \/>\n<a href=\"https:\/\/www.journalducameroun.com\/le-maroc-suspend-tout-contact-avec-lambassade-dallemagne-a-rabat\/\">Cliquez ici pour lire l&rsquo;article depuis sa source.<\/a><\/p>\n","protected":false},"excerpt":{"rendered":"<p>Publi\u00e9 le 01.03.2021 \u00e0 22h18 par APA News Le minist\u00e8re marocain des Affaires \u00e9trang\u00e8res a adress\u00e9, lundi, une lettre au Chef de gouvernement et \u00e0 l\u2019ensemble des membres du gouvernement marocain dans laquelle, il annonce la suspension de tout contact avec l\u2019ambassade d\u2019Allemagne \u00e0 Rabat.\u00ab En raison des malentendus profonds avec la r\u00e9publique f\u00e9d\u00e9rale d\u2019Allemagne [&hellip;]<\/p>\n","protected":false},"author":1965,"featured_media":0,"comment_status":"closed","ping_status":"closed","sticky":false,"template":"","format":"standard","meta":{"fifu_image_url":"","fifu_image_alt":"","footnotes":""},"categories":[73,82],"tags":[],"class_list":["post-112285","post","type-post","status-publish","format-standard","hentry","category-actualite","category-cameroun"],"_links":{"self":[{"href":"https:\/\/linitiative.ca\/International\/wp-json\/wp\/v2\/posts\/112285","targetHints":{"allow":["GET"]}}],"collection":[{"href":"https:\/\/linitiative.ca\/International\/wp-json\/wp\/v2\/posts"}],"about":[{"href":"https:\/\/linitiative.ca\/International\/wp-json\/wp\/v2\/types\/post"}],"author":[{"embeddable":true,"href":"https:\/\/linitiative.ca\/International\/wp-json\/wp\/v2\/users\/1965"}],"replies":[{"embeddable":true,"href":"https:\/\/linitiative.ca\/International\/wp-json\/wp\/v2\/comments?post=112285"}],"version-history":[{"count":0,"href":"https:\/\/linitiative.ca\/International\/wp-json\/wp\/v2\/posts\/112285\/revisions"}],"wp:attachment":[{"href":"https:\/\/linitiative.ca\/International\/wp-json\/wp\/v2\/media?parent=112285"}],"wp:term":[{"taxonomy":"category","embeddable":true,"href":"https:\/\/linitiative.ca\/International\/wp-json\/wp\/v2\/categories?post=112285"},{"taxonomy":"post_tag","embeddable":true,"href":"https:\/\/linitiative.ca\/International\/wp-json\/wp\/v2\/tags?post=112285"}],"curies":[{"name":"wp","href":"https:\/\/api.w.org\/{rel}","templated":true}]}}