{"id":112286,"date":"2021-03-01T17:18:02","date_gmt":"2021-03-01T22:18:02","guid":{"rendered":"https:\/\/linitiative.ca\/International\/niger-lopposant-hama-amadou-place-sous-mandat-de-depot\/"},"modified":"2021-03-01T17:18:02","modified_gmt":"2021-03-01T22:18:02","slug":"niger-lopposant-hama-amadou-place-sous-mandat-de-depot","status":"publish","type":"post","link":"https:\/\/linitiative.ca\/International\/niger-lopposant-hama-amadou-place-sous-mandat-de-depot\/","title":{"rendered":"Niger : l\u2019opposant Hama Amadou plac\u00e9 sous mandat de d\u00e9p\u00f4t"},"content":{"rendered":"<div readability=\"32\">\n<p>Publi\u00e9 le 01.03.2021 \u00e0 23h18 par APA News<\/p>\n<\/div>\n<div readability=\"49\">\n<p>L\u2019opposant Hama Amadou \u00e9t\u00e9 emprisonn\u00e9 lundi \u00e0 Niamey apr\u00e8s trois jours de garde \u00e0 vue.L\u2019ancien Premier ministre a jou\u00e9 pour son r\u00f4le pr\u00e9sum\u00e9 dans les troubles ayant suivi la proclamation des r\u00e9sultats de la pr\u00e9sidentielle au Niger, ont annonc\u00e9 \u00e0 l\u2019AFP les services du procureur.<\/p>\n<p>\u00ab il a \u00e9t\u00e9 plac\u00e9 sous mandat de d\u00e9p\u00f4t \u00e0 (la prison de) Filingu\u00e9 \u00bb\u00e0 Niamey sous\u00a0\u00ab\u00a0beaucoup de chefs d\u2019accusation \u00bb, \u00a0dont\u00a0\u00ab\u00a0sa complicit\u00e9\u00a0\u00bb\u00a0dans des manifestations et destructions de biens, selon ces services.\u00a0<\/p>\n<p>Parmi les autres chefs\u00a0d\u2019inculpation qui p\u00e8sent sur sa t\u00eate figurent le d\u00e9lit \u00ab\u00a0de propagande r\u00e9gionaliste \u00bb\u00a0et de propos de nature \u00e0 dresser les gens les uns contre les autres\u00a0\u00bb.<\/p>\n<p>D\u2019autres personnes d\u00e9tenues en lien avec les troubles ayant suivi la proclamation des r\u00e9sultats provisoires du second tour la pr\u00e9sidentielle du 21 f\u00e9vrier \u00ab\u00a0ont \u00e9galement \u00e9t\u00e9 plac\u00e9es sous mandat de d\u00e9p\u00f4t\u00a0\u00bb,\u00a0 selon les services du procureur.<\/p>\n<\/div>\n<p>Auteur: APA News<br \/>\n<a href=\"https:\/\/www.journalducameroun.com\/niger-lopposant-hama-amadou-place-sous-mandat-de-depot\/\">Cliquez ici pour lire l&rsquo;article depuis sa source.<\/a><\/p>\n","protected":false},"excerpt":{"rendered":"<p>Publi\u00e9 le 01.03.2021 \u00e0 23h18 par APA News L\u2019opposant Hama Amadou \u00e9t\u00e9 emprisonn\u00e9 lundi \u00e0 Niamey apr\u00e8s trois jours de garde \u00e0 vue.L\u2019ancien Premier ministre a jou\u00e9 pour son r\u00f4le pr\u00e9sum\u00e9 dans les troubles ayant suivi la proclamation des r\u00e9sultats de la pr\u00e9sidentielle au Niger, ont annonc\u00e9 \u00e0 l\u2019AFP les services du procureur. \u00ab il [&hellip;]<\/p>\n","protected":false},"author":1965,"featured_media":0,"comment_status":"closed","ping_status":"closed","sticky":false,"template":"","format":"standard","meta":{"fifu_image_url":"","fifu_image_alt":"","footnotes":""},"categories":[73,82],"tags":[],"class_list":["post-112286","post","type-post","status-publish","format-standard","hentry","category-actualite","category-cameroun"],"_links":{"self":[{"href":"https:\/\/linitiative.ca\/International\/wp-json\/wp\/v2\/posts\/112286","targetHints":{"allow":["GET"]}}],"collection":[{"href":"https:\/\/linitiative.ca\/International\/wp-json\/wp\/v2\/posts"}],"about":[{"href":"https:\/\/linitiative.ca\/International\/wp-json\/wp\/v2\/types\/post"}],"author":[{"embeddable":true,"href":"https:\/\/linitiative.ca\/International\/wp-json\/wp\/v2\/users\/1965"}],"replies":[{"embeddable":true,"href":"https:\/\/linitiative.ca\/International\/wp-json\/wp\/v2\/comments?post=112286"}],"version-history":[{"count":0,"href":"https:\/\/linitiative.ca\/International\/wp-json\/wp\/v2\/posts\/112286\/revisions"}],"wp:attachment":[{"href":"https:\/\/linitiative.ca\/International\/wp-json\/wp\/v2\/media?parent=112286"}],"wp:term":[{"taxonomy":"category","embeddable":true,"href":"https:\/\/linitiative.ca\/International\/wp-json\/wp\/v2\/categories?post=112286"},{"taxonomy":"post_tag","embeddable":true,"href":"https:\/\/linitiative.ca\/International\/wp-json\/wp\/v2\/tags?post=112286"}],"curies":[{"name":"wp","href":"https:\/\/api.w.org\/{rel}","templated":true}]}}