{"id":112287,"date":"2021-03-01T17:18:03","date_gmt":"2021-03-01T22:18:03","guid":{"rendered":"https:\/\/linitiative.ca\/International\/football-les-elephanteaux-equipes-pour-la-can-des-u17\/"},"modified":"2021-03-01T17:18:03","modified_gmt":"2021-03-01T22:18:03","slug":"football-les-elephanteaux-equipes-pour-la-can-des-u17","status":"publish","type":"post","link":"https:\/\/linitiative.ca\/International\/football-les-elephanteaux-equipes-pour-la-can-des-u17\/","title":{"rendered":"Football: les El\u00e9phanteaux \u00e9quip\u00e9s pour la CAN des U17"},"content":{"rendered":"<div readability=\"32\">\n<p>Publi\u00e9 le 01.03.2021 \u00e0 23h18 par APA News<\/p>\n<\/div>\n<div readability=\"64\">\n<p>Le Comit\u00e9 de normalisation de la F\u00e9d\u00e9ration ivoirienne de football (CNFIF) a remis lundi des \u00e9quipements \u00e0 la s\u00e9lection nationale ivoirienne de football des moins de 17 ans (El\u00e9phanteaux U17) qui participera \u00e0 la Coupe d\u2019Afrique des nations des moins de 17 ans (CAN U17), un tournoi continental qui d\u00e9butera le 13 mars prochain au Maroc.<\/p>\n<p>\u00abVous ne partez pas seul au Maroc. Rien, ni personne ne doit vous faire peur. Le peuple de C\u00f4te d\u2019Ivoire vous soutient. La victoire est dans vos mains, allez la chercher \u00a0\u00bb, a dit aux El\u00e9phanteaux, Mariam Dao Gabala, la pr\u00e9sidente du Comit\u00e9 de normalisation de la F\u00e9d\u00e9ration ivoirienne de football (CN-FIF).<\/p>\n<p>Auparavant, Dao Lassina, le s\u00e9lectionneur des El\u00e9phanteaux U17 a fait savoir au CN-FIF qu\u2019apr\u00e8s trois semaines de pr\u00e9paration avec ses poulains, \u00abnous sommes venus vous les pr\u00e9senter pour avoir vos b\u00e9n\u00e9dictions\u00bb.<\/p>\n<p>\u00a0De son c\u00f4t\u00e9, Arafat Doumbia, le capitaine des El\u00e9phanteaux U17 a dit sa gratitude \u00e0 Mme Gabala assurant que \u00a0\u00ab on ira chercher le troph\u00e9e au Maroc s\u2019il pla\u00eet \u00e0 Dieu \u00a0\u00bb. La C\u00f4te d\u2019Ivoire est log\u00e9e dans le groupe A \u00a0de ce tournoi avec le Maroc, l\u2019Ouganda et la Zambie.\u00a0<\/p>\n<p>La coupe d\u2019Afrique des nations des moins de 17 ans (U17) est une comp\u00e9tition qui est organis\u00e9e tous les deux ans par la Conf\u00e9d\u00e9ration africaine de football (CAF) et qui oppose les meilleures s\u00e9lections africaines de cette cat\u00e9gorie.<\/p>\n<\/div>\n<p>Auteur: APA News<br \/>\n<a href=\"https:\/\/www.journalducameroun.com\/football-les-elephanteaux-equipes-pour-la-can-des-u17\/\">Cliquez ici pour lire l&rsquo;article depuis sa source.<\/a><\/p>\n","protected":false},"excerpt":{"rendered":"<p>Publi\u00e9 le 01.03.2021 \u00e0 23h18 par APA News Le Comit\u00e9 de normalisation de la F\u00e9d\u00e9ration ivoirienne de football (CNFIF) a remis lundi des \u00e9quipements \u00e0 la s\u00e9lection nationale ivoirienne de football des moins de 17 ans (El\u00e9phanteaux U17) qui participera \u00e0 la Coupe d\u2019Afrique des nations des moins de 17 ans (CAN U17), un tournoi [&hellip;]<\/p>\n","protected":false},"author":1965,"featured_media":0,"comment_status":"closed","ping_status":"closed","sticky":false,"template":"","format":"standard","meta":{"fifu_image_url":"","fifu_image_alt":"","footnotes":""},"categories":[73,82],"tags":[],"class_list":["post-112287","post","type-post","status-publish","format-standard","hentry","category-actualite","category-cameroun"],"_links":{"self":[{"href":"https:\/\/linitiative.ca\/International\/wp-json\/wp\/v2\/posts\/112287","targetHints":{"allow":["GET"]}}],"collection":[{"href":"https:\/\/linitiative.ca\/International\/wp-json\/wp\/v2\/posts"}],"about":[{"href":"https:\/\/linitiative.ca\/International\/wp-json\/wp\/v2\/types\/post"}],"author":[{"embeddable":true,"href":"https:\/\/linitiative.ca\/International\/wp-json\/wp\/v2\/users\/1965"}],"replies":[{"embeddable":true,"href":"https:\/\/linitiative.ca\/International\/wp-json\/wp\/v2\/comments?post=112287"}],"version-history":[{"count":0,"href":"https:\/\/linitiative.ca\/International\/wp-json\/wp\/v2\/posts\/112287\/revisions"}],"wp:attachment":[{"href":"https:\/\/linitiative.ca\/International\/wp-json\/wp\/v2\/media?parent=112287"}],"wp:term":[{"taxonomy":"category","embeddable":true,"href":"https:\/\/linitiative.ca\/International\/wp-json\/wp\/v2\/categories?post=112287"},{"taxonomy":"post_tag","embeddable":true,"href":"https:\/\/linitiative.ca\/International\/wp-json\/wp\/v2\/tags?post=112287"}],"curies":[{"name":"wp","href":"https:\/\/api.w.org\/{rel}","templated":true}]}}