{"id":112289,"date":"2021-03-01T10:19:35","date_gmt":"2021-03-01T15:19:35","guid":{"rendered":"https:\/\/linitiative.ca\/International\/education-68-milliards-de-fcfa-de-rappel-de-salaires-payes-aux-enseignants\/"},"modified":"2021-03-01T10:19:35","modified_gmt":"2021-03-01T15:19:35","slug":"education-68-milliards-de-fcfa-de-rappel-de-salaires-payes-aux-enseignants","status":"publish","type":"post","link":"https:\/\/linitiative.ca\/International\/education-68-milliards-de-fcfa-de-rappel-de-salaires-payes-aux-enseignants\/","title":{"rendered":"Education : 68 milliards de Fcfa de rappel de salaires pay\u00e9s aux enseignants"},"content":{"rendered":"<p>L\u2019Etat n\u2019est pas compl\u00e8tement rest\u00e9 sourd aux revendications des enseignants, qui battent le pav\u00e9 quasiment tous les ans pour revendiquer de meilleures conditions socioprofessionnelles. Parmi ces revendications, les \u00ab seigneurs de la craie \u00bb ont souvent exig\u00e9 l\u2019apurement de leurs rappels d\u2019int\u00e9gration pour certains, qui n\u2019ont jamais per\u00e7u cette indemnit\u00e9 qui leur est due depuis le d\u00e9but de leur formation jusqu\u2019\u00e0 leur sortie de l\u2019\u00e9cole. L\u2019Etat providence s\u2019y est pench\u00e9 lors des deux derni\u00e8res ann\u00e9es, et a apur\u00e9 une partie de cette ardoise, soit 68 milliards de FCFA sur la p\u00e9riode allant de septembre 2018 \u00e0 avril 2020.<\/p>\n<p><strong>Lire aussi<\/strong> :\u00a0<a href=\"https:\/\/ecomatin.net\/letat-reclame-15-milliard-a-3-366-enseignants\/\">L\u2019Etat r\u00e9clame 1,5 milliard \u00e0 3 366 enseignants<\/a><\/p>\n<p>Sur cette m\u00eame p\u00e9riode, l\u2019Etat a \u00e9pong\u00e9 une dette de 19 milliards de FCFA, due aux rappels de prise en charge, qui inclut les indemnit\u00e9s de transport et de logements entre autres. La Direction de la D\u00e9pense de Personnel et des Pensions (Ddpp) de la Direction G\u00e9n\u00e9rale du Budget (DGB) qui a men\u00e9 l\u2019op\u00e9ration ne donne cependant pas de d\u00e9tails sur le nombre d\u2019enseignants concern\u00e9s par cet apurement, encore moins sur le personnel en attente de paiement.<\/p>\n<p><strong>25 000 enseignants en attente de paiement<\/strong><\/p>\n<p>Pourtant, pr\u00e8s de 25 000 enseignants dans cette situation menacent d\u2019entrer en gr\u00e8ve entre le 1er et le 5 mars 2021 devant le minist\u00e8re des Enseignements Secondaires (Minesec) pour revendiquer le paiement de leurs salaires et rappels. Il s\u2019agit de ceux d\u00e9j\u00e0 int\u00e9gr\u00e9s \u00e0 la fonction publique, des promotions de 2017, 2018 et 2019, ainsi que quelques oubli\u00e9s des promotions de 2012 \u00e0 2016 des Ecoles normales sup\u00e9rieures (ENS) et des Ecoles normales sup\u00e9rieures d\u2019enseignement technique (Enset). \u00ab Nous ne comptons pas percevoir les deux tiers de nos salaires et\/ou demeurer dans l\u2019attente du paiement de nos rappels d\u2019int\u00e9gration ad vitam aeternam \u00bb, pr\u00e9viennent ces enseignants, r\u00e9unis au sein du Mouvement des enseignants en attente de paiement des compl\u00e9ments de salaires et des rappels d\u2019int\u00e9gration (Meacri).<\/p>\n<p><strong>Lire aussi<\/strong> : <a href=\"https:\/\/ecomatin.net\/enseignements-primaires-et-secondaire-catholiques-comment-ils-nous-volent\/\">Enseignements primaires et secondaire catholiques : comment ils nous volent !<\/a><\/p>\n<p>En effet, il est institu\u00e9 depuis quelques ann\u00e9es un syst\u00e8me de paiement de deux tiers du salaire aux enseignants pendant leurs ann\u00e9es en formation, qui devrait prendre fin d\u00e8s la signature du contrat d\u2019int\u00e9gration \u00e0 la fonction publique, de sorte que le reliquat soit compl\u00e8tement ajust\u00e9 sur le salaire de l\u2019enseignant d\u00e8s le mois suivant en tenant compte de son nouveau statut. Au demeurant, nombre d\u2019entre eux sont encore align\u00e9s sur ce syst\u00e8me m\u00eame des ann\u00e9es apr\u00e8s leur int\u00e9gration \u00e0 la fonction publique, et le Meacri plaide pour que ce syst\u00e8me soit compl\u00e8tement supprim\u00e9, et remplac\u00e9 par un syst\u00e8me de paiement int\u00e9gral d\u00e8s leurs sorties des \u00e9coles de formation, en sus du paiement automatique des avancements d\u2019\u00e9chelons et de grades des enseignants.<\/p>\n<p>Il importe tout de m\u00eame de pr\u00e9ciser que les 68 milliards d\u00e9j\u00e0 apur\u00e9s par l\u2019Etat gr\u00e2ce aux actions de la Direction de la D\u00e9pense de Personnel et des Pensions (Ddpp) de la Direction G\u00e9n\u00e9rale du Budget (DGB) s\u2019inscrivent dans le cadre du programme d\u2019assainissement du fichier solde de l\u2019Etat lanc\u00e9 par le minist\u00e8re des Finances en avril 2018.<\/p>\n<p><strong>Lire aussi<\/strong> : <a href=\"https:\/\/ecomatin.net\/letat-forme-les-instituteurs-pour-rien\/\">L\u2019Etat forme les instituteurs pour rien<\/a><\/p>\n<p>Auteur: Yannick KENNE<br \/>\n<a href=\"https:\/\/ecomatin.net\/education-68-milliards-de-fcfa-de-rappel-de-salaires-payes-aux-enseignants\/\">Cliquez ici pour lire l&rsquo;article depuis sa source.<\/a><\/p>\n","protected":false},"excerpt":{"rendered":"<p>L\u2019Etat n\u2019est pas compl\u00e8tement rest\u00e9 sourd aux revendications des enseignants, qui battent le pav\u00e9 quasiment tous les ans pour revendiquer de meilleures conditions socioprofessionnelles. Parmi ces revendications, les \u00ab seigneurs de la craie \u00bb ont souvent exig\u00e9 l\u2019apurement de leurs rappels d\u2019int\u00e9gration pour certains, qui n\u2019ont jamais per\u00e7u cette indemnit\u00e9 qui leur est due depuis [&hellip;]<\/p>\n","protected":false},"author":1969,"featured_media":0,"comment_status":"closed","ping_status":"closed","sticky":false,"template":"","format":"standard","meta":{"fifu_image_url":"","fifu_image_alt":"","footnotes":""},"categories":[82,78],"tags":[],"class_list":["post-112289","post","type-post","status-publish","format-standard","hentry","category-cameroun","category-economie"],"_links":{"self":[{"href":"https:\/\/linitiative.ca\/International\/wp-json\/wp\/v2\/posts\/112289","targetHints":{"allow":["GET"]}}],"collection":[{"href":"https:\/\/linitiative.ca\/International\/wp-json\/wp\/v2\/posts"}],"about":[{"href":"https:\/\/linitiative.ca\/International\/wp-json\/wp\/v2\/types\/post"}],"author":[{"embeddable":true,"href":"https:\/\/linitiative.ca\/International\/wp-json\/wp\/v2\/users\/1969"}],"replies":[{"embeddable":true,"href":"https:\/\/linitiative.ca\/International\/wp-json\/wp\/v2\/comments?post=112289"}],"version-history":[{"count":0,"href":"https:\/\/linitiative.ca\/International\/wp-json\/wp\/v2\/posts\/112289\/revisions"}],"wp:attachment":[{"href":"https:\/\/linitiative.ca\/International\/wp-json\/wp\/v2\/media?parent=112289"}],"wp:term":[{"taxonomy":"category","embeddable":true,"href":"https:\/\/linitiative.ca\/International\/wp-json\/wp\/v2\/categories?post=112289"},{"taxonomy":"post_tag","embeddable":true,"href":"https:\/\/linitiative.ca\/International\/wp-json\/wp\/v2\/tags?post=112289"}],"curies":[{"name":"wp","href":"https:\/\/api.w.org\/{rel}","templated":true}]}}