{"id":112294,"date":"2021-03-02T10:07:57","date_gmt":"2021-03-02T15:07:57","guid":{"rendered":"https:\/\/linitiative.ca\/International\/ouverture-de-la-session-extraordinaire-de-la-chambre-des-representants\/"},"modified":"2021-03-02T10:07:57","modified_gmt":"2021-03-02T15:07:57","slug":"ouverture-de-la-session-extraordinaire-de-la-chambre-des-representants","status":"publish","type":"post","link":"https:\/\/linitiative.ca\/International\/ouverture-de-la-session-extraordinaire-de-la-chambre-des-representants\/","title":{"rendered":"Ouverture de la session extraordinaire de la Chambre des repr\u00e9sentants"},"content":{"rendered":"<figure class=\"post-thumbnail\" itemprop=\"associatedMedia\" itemscope=\"itemscope\" itemtype=\"http:\/\/schema.org\/ImageObject\"><img decoding=\"async\" class=\"post_layout_5_img\" src=\"http:\/\/aujourdhui.ma\/wp-content\/uploads\/2020\/12\/Parlement-Maroc.jpg\" alt=\"Ouverture de la session extraordinaire de la Chambre des repr\u00e9sentants\"\/><\/figure>\n<p><span class=\"c5\"><strong>La Chambre des repr\u00e9sentants a tenu, mardi, une s\u00e9ance pl\u00e9ni\u00e8re consacr\u00e9e \u00e0 l\u2019ouverture de la session extraordinaire d\u00e9di\u00e9e \u00e0 l\u2019examen de textes de loi \u00e0 caract\u00e8re urgent, portant notamment sur le processus \u00e9lectoral et la protection sociale.<\/strong><\/span><span id=\"more-369884\"\/><\/p>\n<p>Il s\u2019agit d\u2019examiner le projet de loi organique n\u00b004.21 modifiant et compl\u00e9tant la loi organique n\u00b027.11 relative \u00e0 la Chambre des repr\u00e9sentants, et le projet de loi organique n\u00b005.21 modifiant et compl\u00e9tant la loi organique n\u00b028.11 relative \u00e0 la Chambre des conseillers.<\/p>\n<p>S\u2019y ajoutent le projet de loi organique n\u00b006.21 modifiant et compl\u00e9tant la loi organique n\u00b059.11 relative \u00e0 l\u2019\u00e9lection des membres des conseils des collectivit\u00e9s territoriales, le projet de loi organique n\u00b007.21 modifiant et compl\u00e9tant la loi organique n\u00b029.11 relative aux partis politiques, et le projet de loi organique n\u00b008.21 modifiant et compl\u00e9tant la loi organique n\u00b002.12 relative \u00e0 la nomination aux postes sup\u00e9rieurs, conform\u00e9ment aux dispositions des articles 49 et 92.<\/p>\n<p>Il s\u2019agit aussi du projet de loi-cadre n\u00b0 09.21 relative \u00e0 la protection sociale, du projet de loi n\u00b010.21 modifiant et compl\u00e9tant la loi 57.11 relative aux listes \u00e9lectorales g\u00e9n\u00e9rales, aux op\u00e9rations de r\u00e9f\u00e9rendums et \u00e0 l\u2019utilisation des moyens audiovisuels publics lors des campagnes \u00e9lectorales et r\u00e9f\u00e9rendaires.<\/p>\n<p>En outre, la session extraordinaire se penchera sur le projet de loi n\u00b011.21 modifiant et compl\u00e9tant la loi 9.97 relative au code \u00e9lectoral et \u00e0 l\u2019organisation de la r\u00e9vision exceptionnelle des listes \u00e9lectorales des chambres professionnelles, en plus du projet de loi n\u00b046.19 relatif \u00e0 l\u2019Instance nationale de la probit\u00e9, de la pr\u00e9vention et de la lutte contre la corruption.<\/p>\n<p>Cette s\u00e9ance est tenue conform\u00e9ment aux dispositions de l\u2019article 66 de la Constitution, de l\u2019article 18 du r\u00e8glement de la Chambre et au d\u00e9cret 2.21.124.<\/p>\n<p>Le Conseil de gouvernement avait adopt\u00e9, vendredi, un projet de d\u00e9cret appelant la Chambre des repr\u00e9sentants et la Chambre des conseillers \u00e0 tenir une session extraordinaire.<\/p>\n<p>Auteur: ALM<br \/>\n<a href=\"https:\/\/aujourdhui.ma\/politique\/ouverture-de-la-session-extraordinaire-de-la-chambre-des-representants\">Cliquez ici pour lire l&rsquo;article depuis sa source.<\/a><\/p>\n","protected":false},"excerpt":{"rendered":"<p>La Chambre des repr\u00e9sentants a tenu, mardi, une s\u00e9ance pl\u00e9ni\u00e8re consacr\u00e9e \u00e0 l\u2019ouverture de la session extraordinaire d\u00e9di\u00e9e \u00e0 l\u2019examen de textes de loi \u00e0 caract\u00e8re urgent, portant notamment sur le processus \u00e9lectoral et la protection sociale. Il s\u2019agit d\u2019examiner le projet de loi organique n\u00b004.21 modifiant et compl\u00e9tant la loi organique n\u00b027.11 relative \u00e0 [&hellip;]<\/p>\n","protected":false},"author":1759,"featured_media":0,"comment_status":"closed","ping_status":"closed","sticky":false,"template":"","format":"standard","meta":{"fifu_image_url":"http:\/\/aujourdhui.ma\/wp-content\/uploads\/2020\/12\/Parlement-Maroc.jpg","fifu_image_alt":"Ouverture de la session extraordinaire de la Chambre des repr\u00e9sentants","footnotes":""},"categories":[73,54],"tags":[],"class_list":["post-112294","post","type-post","status-publish","format-standard","hentry","category-actualite","category-maroc"],"_links":{"self":[{"href":"https:\/\/linitiative.ca\/International\/wp-json\/wp\/v2\/posts\/112294","targetHints":{"allow":["GET"]}}],"collection":[{"href":"https:\/\/linitiative.ca\/International\/wp-json\/wp\/v2\/posts"}],"about":[{"href":"https:\/\/linitiative.ca\/International\/wp-json\/wp\/v2\/types\/post"}],"author":[{"embeddable":true,"href":"https:\/\/linitiative.ca\/International\/wp-json\/wp\/v2\/users\/1759"}],"replies":[{"embeddable":true,"href":"https:\/\/linitiative.ca\/International\/wp-json\/wp\/v2\/comments?post=112294"}],"version-history":[{"count":0,"href":"https:\/\/linitiative.ca\/International\/wp-json\/wp\/v2\/posts\/112294\/revisions"}],"wp:attachment":[{"href":"https:\/\/linitiative.ca\/International\/wp-json\/wp\/v2\/media?parent=112294"}],"wp:term":[{"taxonomy":"category","embeddable":true,"href":"https:\/\/linitiative.ca\/International\/wp-json\/wp\/v2\/categories?post=112294"},{"taxonomy":"post_tag","embeddable":true,"href":"https:\/\/linitiative.ca\/International\/wp-json\/wp\/v2\/tags?post=112294"}],"curies":[{"name":"wp","href":"https:\/\/api.w.org\/{rel}","templated":true}]}}