{"id":112298,"date":"2021-03-02T08:25:52","date_gmt":"2021-03-02T13:25:52","guid":{"rendered":"https:\/\/linitiative.ca\/International\/%ef%bb%bfles-avancees-du-maroc-en-matiere-des-droits-de-lhomme-mises-en-exergue\/"},"modified":"2021-03-02T08:25:52","modified_gmt":"2021-03-02T13:25:52","slug":"%ef%bb%bfles-avancees-du-maroc-en-matiere-des-droits-de-lhomme-mises-en-exergue","status":"publish","type":"post","link":"https:\/\/linitiative.ca\/International\/%ef%bb%bfles-avancees-du-maroc-en-matiere-des-droits-de-lhomme-mises-en-exergue\/","title":{"rendered":"\ufeffLes avanc\u00e9es du Maroc en mati\u00e8re des droits de l\u2019homme mises en exergue"},"content":{"rendered":"<p class=\"has-text-color has-vivid-red-color c1\"><strong>46\u00e8me session du CDH<\/strong><\/p>\n<p class=\"has-text-color c2\"><strong>Les avanc\u00e9es importantes r\u00e9alis\u00e9es au Maroc sur la voie de la cons\u00e9cration des droits de l\u2019homme et de la consolidation de l\u2019\u00e9difice d\u00e9mocratique dans le Royaume, ont \u00e9t\u00e9 mis en relief vendredi lors de la 46\u00e8me session du Conseil des droits de l\u2019homme, tenue cette ann\u00e9e sous un format virtuel en raison de la pand\u00e9mie.<\/strong><\/p>\n<p>Pr\u00e9sentant la d\u00e9claration du Maroc au titre du Point 2 de l\u2019Ordre du jour, l\u2019ambassadeur repr\u00e9sentant permanent du Royaume \u00e0 Gen\u00e8ve, Omar Zniber, a soulign\u00e9 l\u2019engagement constant du Maroc \u00e0 consolider davantage les acquis accomplis dans le domaine des droits de l\u2019homme, ainsi que le grand int\u00e9r\u00eat accord\u00e9e \u00e0 la dimension des droits de l\u2019homme dans la mise en oeuvre des diff\u00e9rentes strat\u00e9gies de d\u00e9veloppement dans le Royaume.<\/p>\n<p>M. Zniber a indiqu\u00e9 dans ce sens que dans le cadre de la gestion de la pand\u00e9mie du nouveau coronavirus, le Maroc, s\u2019appuyant sur ses propres capacit\u00e9s, a adopt\u00e9 une la strat\u00e9gie \u00e9quilibr\u00e9e r\u00e9conciliant les mesures visant \u00e0 endiguer la pand\u00e9mie et \u00e0 att\u00e9nuer ses incidences socio\u00e9conomiques d\u2019une part, et les engagements internationaux dans le domaine des droits de l\u2019homme, d\u2019autre part.<\/p>\n<p>Ainsi, le Maroc qui s\u2019est \u00e9vertu\u00e9 \u00e0 garantir l\u2019acc\u00e8s aux soins, a lanc\u00e9 sa campagne nationale de vaccination, qui se d\u00e9roule dans des meilleures conditions, et profite, \u00e0 titre gracieux, \u00e0 tous les Marocains et \u00e0 tous les \u00e9trangers r\u00e9sidant dans le pays, y compris les r\u00e9fugi\u00e9s et les migrants, a-t-il poursuivi.\u00a0 Sur un autre registre, et conscient de l\u2019interd\u00e9pendance entre sant\u00e9 et jouissance des autres droits de l\u2019homme, le Maroc a adopt\u00e9, le 11 f\u00e9vrier dernier, une loi-cadre visant la g\u00e9n\u00e9ralisation, \u00e0 l\u2019horizon 2025, de la protection sociale au profit de tous les Marocains, a fait observer l\u2019ambassadeur, notant que la mise en \u0153uvre de cette loi passe par quatre axes avec des \u00e9ch\u00e9ances pr\u00e9cises, en l\u2019occurrence la g\u00e9n\u00e9ralisation de l\u2019Assurance maladie obligatoire, \u00e0 fin 2022, au profit de 22 millions personnes suppl\u00e9mentaires, et la g\u00e9n\u00e9ralisation des allocations familiales durant les ann\u00e9es 2023 et 2024 au profit des familles qui n\u2019en profitent pas encore.<\/p>\n<p>Il s\u2019agit \u00e9galement de l\u2019\u00e9largissement de la base des adh\u00e9rents aux r\u00e9gimes de retraite pour inclure environ 5 millions de personnes qui exercent un emploi et ne b\u00e9n\u00e9ficient d\u2019aucune pension \u00e0 horizon 2025, et la g\u00e9n\u00e9ralisation de l\u2019indemnit\u00e9 pour perte d\u2019emploi durant l\u2019ann\u00e9e 2025 pour couvrir toute personne exer\u00e7ant un emploi stable.<\/p>\n<p>De surcroit, et pour renforcer davantage son interaction et sa coop\u00e9ration avec le Haut commissariat aux droits de l\u2019homme (HCDH), le Maroc, en plus de la soumission de plusieurs rapports aux diff\u00e9rents organes de trait\u00e9s, et de contribution aux divers m\u00e9canismes, a adress\u00e9 des invitations \u00e0 des d\u00e9tenteurs de mandats, la derni\u00e8re en date est adress\u00e9e au Rapporteur Sp\u00e9cial sur les droits de l\u2019homme \u00e0 l\u2019eau potable et \u00e0 l\u2019assainissement, pour se rendre au Maroc en juillet 2021, a-t-il relev\u00e9.<\/p>\n<p>Sur le plan local, et soucieux d\u2019ancrer la culture des droits de l\u2019Homme, de tol\u00e9rance, de citoyennet\u00e9 et de vivre-ensemble chez l\u2019apprenant, une convention cadre de coop\u00e9ration et de partenariat a \u00e9t\u00e9 sign\u00e9, d\u00e9but ce mois, entre le Conseil national des droits de l\u2019Homme et le Minist\u00e8re de l\u2019Education, visant la promotion des valeurs des droits de l\u2019Homme dans la sph\u00e8re scolaire et universitaire, a-t-il rappel\u00e9.<\/p>\n<p>En outre, et pour renforcer davantage l\u2019implication du genre f\u00e9minin dans la gestion de la chose religieuse au Maroc, et apr\u00e8s avoir relev\u00e9 le d\u00e9fi de f\u00e9miniser la profession des Adouls (notaire de droit musulman), sept nouvelles nominations f\u00e9minines ont \u00e9t\u00e9 op\u00e9r\u00e9es au Conseil sup\u00e9rieur des Oul\u00e9mas au Maroc, renfor\u00e7ant la participation des femmes \u00e0 la gestion des affaires religieuses, a ajout\u00e9 M. Zniber.<\/p>\n<p>Auteur: M&rsquo;hammed rahal<br \/>\n<a href=\"http:\/\/albayane.press.ma\/%EF%BB%BFles-avancees-du-maroc-en-matiere-des-droits-de-lhomme-mises-en-exergue.html\">Cliquez ici pour lire l&rsquo;article depuis sa source.<\/a><\/p>\n","protected":false},"excerpt":{"rendered":"<p>46\u00e8me session du CDH Les avanc\u00e9es importantes r\u00e9alis\u00e9es au Maroc sur la voie de la cons\u00e9cration des droits de l\u2019homme et de la consolidation de l\u2019\u00e9difice d\u00e9mocratique dans le Royaume, ont \u00e9t\u00e9 mis en relief vendredi lors de la 46\u00e8me session du Conseil des droits de l\u2019homme, tenue cette ann\u00e9e sous un format virtuel en [&hellip;]<\/p>\n","protected":false},"author":1760,"featured_media":0,"comment_status":"closed","ping_status":"closed","sticky":false,"template":"","format":"standard","meta":{"fifu_image_url":"","fifu_image_alt":"","footnotes":""},"categories":[73,54],"tags":[],"class_list":["post-112298","post","type-post","status-publish","format-standard","hentry","category-actualite","category-maroc"],"_links":{"self":[{"href":"https:\/\/linitiative.ca\/International\/wp-json\/wp\/v2\/posts\/112298","targetHints":{"allow":["GET"]}}],"collection":[{"href":"https:\/\/linitiative.ca\/International\/wp-json\/wp\/v2\/posts"}],"about":[{"href":"https:\/\/linitiative.ca\/International\/wp-json\/wp\/v2\/types\/post"}],"author":[{"embeddable":true,"href":"https:\/\/linitiative.ca\/International\/wp-json\/wp\/v2\/users\/1760"}],"replies":[{"embeddable":true,"href":"https:\/\/linitiative.ca\/International\/wp-json\/wp\/v2\/comments?post=112298"}],"version-history":[{"count":0,"href":"https:\/\/linitiative.ca\/International\/wp-json\/wp\/v2\/posts\/112298\/revisions"}],"wp:attachment":[{"href":"https:\/\/linitiative.ca\/International\/wp-json\/wp\/v2\/media?parent=112298"}],"wp:term":[{"taxonomy":"category","embeddable":true,"href":"https:\/\/linitiative.ca\/International\/wp-json\/wp\/v2\/categories?post=112298"},{"taxonomy":"post_tag","embeddable":true,"href":"https:\/\/linitiative.ca\/International\/wp-json\/wp\/v2\/tags?post=112298"}],"curies":[{"name":"wp","href":"https:\/\/api.w.org\/{rel}","templated":true}]}}