{"id":112300,"date":"2021-03-02T08:39:38","date_gmt":"2021-03-02T13:39:38","guid":{"rendered":"https:\/\/linitiative.ca\/International\/baie-de-cocody-les-ouvrages-maritimes-acheves\/"},"modified":"2021-03-02T08:39:38","modified_gmt":"2021-03-02T13:39:38","slug":"baie-de-cocody-les-ouvrages-maritimes-acheves","status":"publish","type":"post","link":"https:\/\/linitiative.ca\/International\/baie-de-cocody-les-ouvrages-maritimes-acheves\/","title":{"rendered":"Baie de Cocody : les ouvrages maritimes achev\u00e9s"},"content":{"rendered":"<p><strong>Le pr\u00e9sident directeur g\u00e9n\u00e9ral de la soci\u00e9t\u00e9 d\u2019Etat Marchica Med, Sa\u00efd Zarrou, a effectu\u00e9, lundi, une visite de chantier dans le cadre du suivi de l\u2019\u00e9tat d\u2019avancement du projet d\u2019am\u00e9nagement et de valorisation de la Baie de Cocody \u00e0 Abidjan.<\/strong><\/p>\n<p>La visite a concern\u00e9 plusieurs plateformes, particuli\u00e8rement les ouvrages maritimes de la Baie de Cocody, lanc\u00e9s en 2016 et aujourd\u2019hui achev\u00e9s.<\/p>\n<p>M. Zarrou, accompagn\u00e9 de l\u2019Ambassadeur du Maroc \u00e0 Abidjan, Abdelmalek Kettani, et de plusieurs hauts cadres de Marchica Med, s\u2019est \u00e9galement enquis de travaux de dragage de la baie et de r\u00e9alisation de la marina, lanc\u00e9s en 2017 et aujourd\u2019hui achev\u00e9s.<\/p>\n<p>Le pont de Cocody et le carrefour de l\u2019Ind\u00e9ni\u00e9, deux pans majeurs du projet, lanc\u00e9s respectivement en f\u00e9vrier et septembre 2019, enregistrent quant \u00e0 eux un \u00e9tat d\u2019avancement de 40%.<\/p>\n<p>MM. Zarrou et Kettani ont \u00e9galement pris connaissance de l\u2019\u00e9tat d\u2019avancement des travaux de r\u00e9alisation d\u2019une embouchure \u00e0 Grand Bassam (40 km \u00e0 l\u2019est d\u2019Abidjan), composante du Projet de sauvegarde et de valorisation de la Baie de Cocody.<\/p>\n<p>La r\u00e9alisation de l\u2019embouchure devra prot\u00e9ger durablement les populations contre les ph\u00e9nom\u00e8nes naturels extr\u00eames et contribuera aussi \u00e0 la d\u00e9pollution de la lagune Ebri\u00e9, au renouvellement de ses eaux et \u00e0 la reconstitution de ses ressources halieutiques.<\/p>\n<p>Cette embouchure permettra en outre d\u2019entamer un programme de valorisation ax\u00e9 sur la culture, le tourisme et la p\u00eache, sachant que la ville de Grand-Bassam, premi\u00e8re capitale de la C\u00f4te d\u2019Ivoire, est inscrire sur la liste du patrimoine mondial de l\u2019UNESCO.<\/p>\n<p>Selon Marchica Med, qui assure la maitrise d\u2019ouvrage du Projet de sauvegarde et de valorisation de la Baie de Cocody, cette visite de chantier co\u00efncide avec le 7eme anniversaire de la visite de SM le Roi Mohammed VI \u00e0 Abidjan en f\u00e9vrier 2014, lors de laquelle le Souverain avait prononc\u00e9 son discours historique du 25 f\u00e9vrier dans lequel il a exhort\u00e9 l\u2019Afrique \u00e0 faire confiance \u00e0 l\u2019Afrique et a trac\u00e9 la feuille de route d\u2019une nouvelle \u00e8re d\u2019une coop\u00e9ration sud-sud agissante.<\/p>\n<p>Ce projet d\u2019envergure, qui a \u00e9t\u00e9 lanc\u00e9 en 2016 par SM le Roi Mohammed VI et le Pr\u00e9sident Ouattara, porte sur la r\u00e9habilitation \u00e9cologique de la baie; la r\u00e9alisation de barrages, d\u2019un canal et d\u2019ouvrages hydrauliques et maritimes; la construction d\u2019infrastructures routi\u00e8res, d\u2019ouvrages de franchissement et d\u2019un viaduc; la r\u00e9alisation d\u2019une marina et d\u2019un parc urbain. Il a aussi pour objectif la valorisation et l\u2019am\u00e9nagement de la Baie de Cocody ainsi que son bassin versant.<\/p>\n<p>Marchica Med assure de sa d\u00e9termination \u00e0 d\u00e9ployer toute son \u00e9nergie et son expertise pour mener \u00e0 bien le projet et \u0153uvrer, conform\u00e9ment \u00e0 la Vision de SM le Roi Mohammed VI, \u00e0 la p\u00e9rennisation de la confiance et de l\u2019amiti\u00e9 entre nos deux pays fr\u00e8res dans la vision d\u2019une Afrique qui fait confiance \u00e0 l\u2019Afrique.<\/p>\n<p>Auteur: M&rsquo;hammed rahal<br \/>\n<a href=\"http:\/\/albayane.press.ma\/baie-de-cocody-les-ouvrages-maritimes-acheves.html\">Cliquez ici pour lire l&rsquo;article depuis sa source.<\/a><\/p>\n","protected":false},"excerpt":{"rendered":"<p>Le pr\u00e9sident directeur g\u00e9n\u00e9ral de la soci\u00e9t\u00e9 d\u2019Etat Marchica Med, Sa\u00efd Zarrou, a effectu\u00e9, lundi, une visite de chantier dans le cadre du suivi de l\u2019\u00e9tat d\u2019avancement du projet d\u2019am\u00e9nagement et de valorisation de la Baie de Cocody \u00e0 Abidjan. La visite a concern\u00e9 plusieurs plateformes, particuli\u00e8rement les ouvrages maritimes de la Baie de Cocody, [&hellip;]<\/p>\n","protected":false},"author":1760,"featured_media":0,"comment_status":"closed","ping_status":"closed","sticky":false,"template":"","format":"standard","meta":{"fifu_image_url":"","fifu_image_alt":"","footnotes":""},"categories":[73,54],"tags":[],"class_list":["post-112300","post","type-post","status-publish","format-standard","hentry","category-actualite","category-maroc"],"_links":{"self":[{"href":"https:\/\/linitiative.ca\/International\/wp-json\/wp\/v2\/posts\/112300","targetHints":{"allow":["GET"]}}],"collection":[{"href":"https:\/\/linitiative.ca\/International\/wp-json\/wp\/v2\/posts"}],"about":[{"href":"https:\/\/linitiative.ca\/International\/wp-json\/wp\/v2\/types\/post"}],"author":[{"embeddable":true,"href":"https:\/\/linitiative.ca\/International\/wp-json\/wp\/v2\/users\/1760"}],"replies":[{"embeddable":true,"href":"https:\/\/linitiative.ca\/International\/wp-json\/wp\/v2\/comments?post=112300"}],"version-history":[{"count":0,"href":"https:\/\/linitiative.ca\/International\/wp-json\/wp\/v2\/posts\/112300\/revisions"}],"wp:attachment":[{"href":"https:\/\/linitiative.ca\/International\/wp-json\/wp\/v2\/media?parent=112300"}],"wp:term":[{"taxonomy":"category","embeddable":true,"href":"https:\/\/linitiative.ca\/International\/wp-json\/wp\/v2\/categories?post=112300"},{"taxonomy":"post_tag","embeddable":true,"href":"https:\/\/linitiative.ca\/International\/wp-json\/wp\/v2\/tags?post=112300"}],"curies":[{"name":"wp","href":"https:\/\/api.w.org\/{rel}","templated":true}]}}