{"id":112302,"date":"2021-03-02T08:42:08","date_gmt":"2021-03-02T13:42:08","guid":{"rendered":"https:\/\/linitiative.ca\/International\/%ef%bb%bfle-maroc-invite-dhonneur-de-africa-agri-forum\/"},"modified":"2021-03-02T08:42:08","modified_gmt":"2021-03-02T13:42:08","slug":"%ef%bb%bfle-maroc-invite-dhonneur-de-africa-agri-forum","status":"publish","type":"post","link":"https:\/\/linitiative.ca\/International\/%ef%bb%bfle-maroc-invite-dhonneur-de-africa-agri-forum\/","title":{"rendered":"\ufeffLe Maroc invit\u00e9 d\u2019honneur de Africa Agri Forum"},"content":{"rendered":"<p class=\"c1\"><strong>La 7\u00e8 \u00e9dition, en avril \u00e0 Yaound\u00e9<\/strong><\/p>\n<p><strong>Le Maroc sera l\u2019invit\u00e9 d\u2019honneur de l\u2019Africa Agri Forum (AAF), dont la 7\u00e8me \u00e9dition est pr\u00e9vue les 5 et 6 avril \u00e0 Yaound\u00e9 au Cameroun en mode hybride pr\u00e9sentiel et virtuel.<\/strong><\/p>\n<p>Le choix du Royaume comme invit\u00e9 d\u2019honneur de l\u2019\u00e9dition 2021 vise \u00e0 renforcer la coop\u00e9ration entre les acteurs agricoles en Afrique Centrale et au Maroc et partager l\u2019exp\u00e9rience et la vision du gouvernement marocain pour d\u00e9velopper le secteur \u00e0 travers le Plan Maroc Vert, indique un communiqu\u00e9 des organisateurs.<\/p>\n<p>L\u2019\u00e9v\u00e8nement se tiendra sous un format hybride, en pr\u00e9sentiel pour une capacit\u00e9 maximale de 200 participants et en retransmission virtuelle donnant l\u2019opportunit\u00e9 \u00e0 des milliers de participants \u00e0 travers le monde de prendre part activement \u00e0 cette \u00e9dition et d\u2019interagir avec les acteurs africains, expliquent les organisateurs.<\/p>\n<p>L\u2019Africa Agri Forum 2021 fait escale \u00e0 Yaound\u00e9 pour offrir au Cameroun une plateforme \u00ab\u00a0B to B\u00a0\u00bb qui mettra sa capitale au c\u0153ur des d\u00e9bats visant le d\u00e9veloppement de ce secteur hautement strat\u00e9gique pour la r\u00e9gion.<\/p>\n<p>Le forum sera, ainsi, l\u2019occasion pour les experts des secteurs agricole et agro-industriel de mieux appr\u00e9hender les mod\u00e8les de d\u00e9veloppement agricoles, les voies vers une agriculture durable et r\u00e9siliente, le r\u00f4le \u00e9volutif des OPA, les cha\u00eenes de valeur agricole, le d\u00e9veloppement des fili\u00e8res, l\u2019innovation et les technologies ainsi que l\u2019impact du covid-19 sur le secteur agricole et la s\u00e9curit\u00e9 alimentaire.<\/p>\n<p>AAF Hybride 2021 apporte donc une organisation innovante et s\u00e9curis\u00e9e pour permettre aux acteurs du secteur agricole de se r\u00e9unir une nouvelle fois, d\u2019\u00e9changer et de continuer \u00e0 networker dans un cadre s\u00e9curis\u00e9 respectant les restrictions sanitaires recommand\u00e9es par l\u2019OMS.<\/p>\n<p>Plac\u00e9 sous le Patronage du Premier ministre, Chef du gouvernement du Cameroun, M. Joseph Dion Ngute, le Forum est organis\u00e9 par I-conf\u00e9rences en partenariat avec le minist\u00e8re de l\u2019Agriculture et du D\u00e9veloppement Rural du Cameroun et OCP Africa avec l\u2019appui de l\u2019Union Africaine.<\/p>\n<p>Auteur: M&rsquo;hammed rahal<br \/>\n<a href=\"http:\/\/albayane.press.ma\/%EF%BB%BFle-maroc-invite-dhonneur-de-africa-agri-forum.html\">Cliquez ici pour lire l&rsquo;article depuis sa source.<\/a><\/p>\n","protected":false},"excerpt":{"rendered":"<p>La 7\u00e8 \u00e9dition, en avril \u00e0 Yaound\u00e9 Le Maroc sera l\u2019invit\u00e9 d\u2019honneur de l\u2019Africa Agri Forum (AAF), dont la 7\u00e8me \u00e9dition est pr\u00e9vue les 5 et 6 avril \u00e0 Yaound\u00e9 au Cameroun en mode hybride pr\u00e9sentiel et virtuel. Le choix du Royaume comme invit\u00e9 d\u2019honneur de l\u2019\u00e9dition 2021 vise \u00e0 renforcer la coop\u00e9ration entre les [&hellip;]<\/p>\n","protected":false},"author":1760,"featured_media":0,"comment_status":"closed","ping_status":"closed","sticky":false,"template":"","format":"standard","meta":{"fifu_image_url":"","fifu_image_alt":"","footnotes":""},"categories":[73,54],"tags":[],"class_list":["post-112302","post","type-post","status-publish","format-standard","hentry","category-actualite","category-maroc"],"_links":{"self":[{"href":"https:\/\/linitiative.ca\/International\/wp-json\/wp\/v2\/posts\/112302","targetHints":{"allow":["GET"]}}],"collection":[{"href":"https:\/\/linitiative.ca\/International\/wp-json\/wp\/v2\/posts"}],"about":[{"href":"https:\/\/linitiative.ca\/International\/wp-json\/wp\/v2\/types\/post"}],"author":[{"embeddable":true,"href":"https:\/\/linitiative.ca\/International\/wp-json\/wp\/v2\/users\/1760"}],"replies":[{"embeddable":true,"href":"https:\/\/linitiative.ca\/International\/wp-json\/wp\/v2\/comments?post=112302"}],"version-history":[{"count":0,"href":"https:\/\/linitiative.ca\/International\/wp-json\/wp\/v2\/posts\/112302\/revisions"}],"wp:attachment":[{"href":"https:\/\/linitiative.ca\/International\/wp-json\/wp\/v2\/media?parent=112302"}],"wp:term":[{"taxonomy":"category","embeddable":true,"href":"https:\/\/linitiative.ca\/International\/wp-json\/wp\/v2\/categories?post=112302"},{"taxonomy":"post_tag","embeddable":true,"href":"https:\/\/linitiative.ca\/International\/wp-json\/wp\/v2\/tags?post=112302"}],"curies":[{"name":"wp","href":"https:\/\/api.w.org\/{rel}","templated":true}]}}