{"id":112303,"date":"2021-03-02T05:42:06","date_gmt":"2021-03-02T10:42:06","guid":{"rendered":"https:\/\/linitiative.ca\/International\/lancement-bientot-de-la-campagne-nationale-tunisie-sans-dechets\/"},"modified":"2021-03-02T05:42:06","modified_gmt":"2021-03-02T10:42:06","slug":"lancement-bientot-de-la-campagne-nationale-tunisie-sans-dechets","status":"publish","type":"post","link":"https:\/\/linitiative.ca\/International\/lancement-bientot-de-la-campagne-nationale-tunisie-sans-dechets\/","title":{"rendered":"Lancement bient\u00f4t de la campagne nationale \u00ab Tunisie sans d\u00e9chets \u00bb"},"content":{"rendered":"<div class=\"td-post-content\">\n<h2>A l\u2019occasion de la Journ\u00e9e mondiale du recyclage c\u00e9l\u00e9br\u00e9e le 18 mars de chaque ann\u00e9e, le collectif Z\u00e9ro D\u00e9chet Tunisie lancera une campagne nationale baptis\u00e9e \u00ab Tunisie sans d\u00e9chets \u00bb.<\/h2>\n<p>Cette campagne nationale vise \u00ab \u00e0 stopper la d\u00e9gradation continue de l\u2019espace public\u00a0\u00bb. Le collectif consid\u00e8re que cette d\u00e9gradation n\u2019est pas seulement un d\u00e9sastre environnemental. Mais, elle affecte \u00e9galement les secteurs vitaux comme la sant\u00e9, l\u2019agriculture, la p\u00eache et le tourisme. C\u2019est ce qui ressort d\u2019un communiqu\u00e9 rendu public par le collectif. Il s\u2019agit, \u00e0 travers cette campagne, de promouvoir une approche int\u00e9gr\u00e9e et durable de gestion des d\u00e9chets en Tunisie.<\/p>\n<p>Une meilleure gestion des d\u00e9chets, indique la m\u00eame source, permettra d\u2019ouvrir la porte \u00e0 de nouveaux d\u00e9bouch\u00e9s. Elle\u00a0 contribuera \u00e0 la cr\u00e9ation de nombreux projets de tri et de valorisation des d\u00e9chets. A travers notamment le compostage, le recyclage, la production d\u2019\u00e9nergie verte et de biocarburant.<\/p>\n<p>Elle permettra \u00e9galement d\u2019encourager la cr\u00e9ation d\u2019emplois locaux durables. Et ce, dans le cadre d\u2019une\u00a0<a href=\"http:\/\/www.leconomistemaghrebin.com\/2020\/10\/28\/et-si-on-parlait-deconomie-circulaire-pour-une-construction-durable-en-mediterranee\/\">\u00e9conomie circulaire<\/a>, r\u00e9gionale et nationale. De m\u00eame qu\u2019elle offrira la possibilit\u00e9 de cr\u00e9er des activit\u00e9s \u00e9co-responsables, dans le cadre du d\u00e9veloppement d\u2019un tourisme \u00e9cologique et culturel, dans toutes les r\u00e9gions du pays.<\/p>\n<p>Sur le plan environnemental, l\u2019objectif de cette campagne nationale est d\u2019inciter les citoyens, les administrations, les entreprises publiques et priv\u00e9es, et surtout des industries \u00e0 adopter un comportement responsable qui soit respectueux de l\u2019environnement.<\/p>\n<p>Fra\u00eechement cr\u00e9\u00e9, le Collectif Z\u00e9ro D\u00e9chet Tunisie est un ensemble de citoyens, de scientifiques, de personnalit\u00e9s publiques, d\u2019associations et de start-up, qui militent pour la pr\u00e9servation de l\u2019environnement et l\u2019am\u00e9lioration de la qualit\u00e9 de vie. Et ce, \u00e0 travers la promotion du concept Z\u00e9ro D\u00e9chet en Tunisie et une meilleure gestion des ressources.<\/p>\n<h2>La r\u00e8gle des 5R<\/h2>\n<p>Il d\u00e9fend la r\u00e8gle des 5R. Cette r\u00e8gle consiste \u00e0 :<\/p>\n<ul>\n<li>Refuser les produits \u00e0 usage unique et privil\u00e9gier les achats sans d\u00e9chet.<\/li>\n<li>R\u00e9duire la consommation de biens \u00e0 forte demande \u00e9nerg\u00e9tique ou polluants.<\/li>\n<li>R\u00e9utiliser et r\u00e9parer tout ce qui peut l\u2019\u00eatre.<\/li>\n<li>Rendre \u00e0 la Terre, c\u2019est-\u00e0-dire, composter tous les d\u00e9chets organiques.<\/li>\n<li>Et recycler tout ce qui ne peut pas \u00eatre r\u00e9utilis\u00e9.<\/li>\n<\/ul>\n<h2>Pourquoi la Tunisie doit-elle stopper le torrent de plastique?<\/h2>\n<p>La Tunisie demeure le quatri\u00e8me consommateur de produits en plastique par habitant dans la r\u00e9gion m\u00e9diterran\u00e9e. C\u2019est ce qu\u2019affirme un rapport du Fonds mondial pour la Nature (WWF). Ce rapport s\u2019intitule\u00a0 \u00ab\u00a0<a href=\"https:\/\/www.wwf.fr\/sites\/default\/files\/doc-2019-07\/20190607_Guide_decideurs_Stoppons_le_torrent_de_plastique_WWF-min.pdf\" target=\"_blank\" rel=\"noopener noreferrer\">stoppons le torrent de plastique<\/a>\u00a0\u00bb. Il a \u00e9t\u00e9 publi\u00e9 en 2019.<\/p>\n<p>Selon ce rapport, l\u2019\u00e9conomie tunisienne perd environ 20 millions de dollars par an. Et ce, en raison de la pollution plastique. Ces d\u00e9chets affectent surtout les secteurs du tourisme, de la navigation et de la p\u00eache. La Tunisie livre 0.08 MT (millions de tonnes) de d\u00e9chets plastiques dans la nature. Soit 20% de la totalit\u00e9 des d\u00e9chets plastiques jet\u00e9s dans la nature en M\u00e9diterran\u00e9e.<\/p>\n<p>Avec TAP<\/p>\n<\/div>\n<footer>\n<\/footer>\n<div class=\"wp-post-author-wrap wp-post-author-shortcode left\">\n<h3 class=\"awpa-title\"\/>\n<div class=\"wp-post-author\">\n<div class=\"awpa-img awpa-author-block square\"><a href=\"http:\/\/lexpertjournal.net\/fr\/?author=5\"><img loading=\"lazy\" decoding=\"async\" alt=\"\" src=\"http:\/\/0.gravatar.com\/avatar\/97f8e10a1c1125ba104a76514ee07b16?s=150&amp;d=mm&amp;r=g\" srcset=\"http:\/\/0.gravatar.com\/avatar\/97f8e10a1c1125ba104a76514ee07b16?s=300&amp;d=mm&amp;r=g 2x\" class=\"avatar avatar-150 photo\" height=\"150\" width=\"150\"\/><\/a><\/div>\n<\/div>\n<\/div>\n<aside class=\"mashsb-container mashsb-main mashsb-stretched\">\n<\/aside>\n<p>Auteur: L&rsquo;expert<br \/>\n<a href=\"http:\/\/lexpertjournal.net\/fr\/?p=18922\">Cliquez ici pour lire l&rsquo;article depuis sa source.<\/a><\/p>\n","protected":false},"excerpt":{"rendered":"<p>A l\u2019occasion de la Journ\u00e9e mondiale du recyclage c\u00e9l\u00e9br\u00e9e le 18 mars de chaque ann\u00e9e, le collectif Z\u00e9ro D\u00e9chet Tunisie lancera une campagne nationale baptis\u00e9e \u00ab Tunisie sans d\u00e9chets \u00bb. Cette campagne nationale vise \u00ab \u00e0 stopper la d\u00e9gradation continue de l\u2019espace public\u00a0\u00bb. Le collectif consid\u00e8re que cette d\u00e9gradation n\u2019est pas seulement un d\u00e9sastre environnemental. [&hellip;]<\/p>\n","protected":false},"author":1775,"featured_media":0,"comment_status":"closed","ping_status":"closed","sticky":false,"template":"","format":"standard","meta":{"fifu_image_url":"http:\/\/0.gravatar.com\/avatar\/97f8e10a1c1125ba104a76514ee07b16?s=150&d=mm&r=g","fifu_image_alt":"Lancement bient\u00f4t de la campagne nationale \u00ab Tunisie sans d\u00e9chets \u00bb","footnotes":""},"categories":[78,55],"tags":[],"class_list":["post-112303","post","type-post","status-publish","format-standard","hentry","category-economie","category-tunisie"],"_links":{"self":[{"href":"https:\/\/linitiative.ca\/International\/wp-json\/wp\/v2\/posts\/112303","targetHints":{"allow":["GET"]}}],"collection":[{"href":"https:\/\/linitiative.ca\/International\/wp-json\/wp\/v2\/posts"}],"about":[{"href":"https:\/\/linitiative.ca\/International\/wp-json\/wp\/v2\/types\/post"}],"author":[{"embeddable":true,"href":"https:\/\/linitiative.ca\/International\/wp-json\/wp\/v2\/users\/1775"}],"replies":[{"embeddable":true,"href":"https:\/\/linitiative.ca\/International\/wp-json\/wp\/v2\/comments?post=112303"}],"version-history":[{"count":0,"href":"https:\/\/linitiative.ca\/International\/wp-json\/wp\/v2\/posts\/112303\/revisions"}],"wp:attachment":[{"href":"https:\/\/linitiative.ca\/International\/wp-json\/wp\/v2\/media?parent=112303"}],"wp:term":[{"taxonomy":"category","embeddable":true,"href":"https:\/\/linitiative.ca\/International\/wp-json\/wp\/v2\/categories?post=112303"},{"taxonomy":"post_tag","embeddable":true,"href":"https:\/\/linitiative.ca\/International\/wp-json\/wp\/v2\/tags?post=112303"}],"curies":[{"name":"wp","href":"https:\/\/api.w.org\/{rel}","templated":true}]}}