{"id":112305,"date":"2021-03-02T07:02:23","date_gmt":"2021-03-02T12:02:23","guid":{"rendered":"https:\/\/linitiative.ca\/International\/ministere-des-finances-aucun-directeur-general-na-ete-demis-de-ses-fonctions\/"},"modified":"2021-03-02T07:02:23","modified_gmt":"2021-03-02T12:02:23","slug":"ministere-des-finances-aucun-directeur-general-na-ete-demis-de-ses-fonctions","status":"publish","type":"post","link":"https:\/\/linitiative.ca\/International\/ministere-des-finances-aucun-directeur-general-na-ete-demis-de-ses-fonctions\/","title":{"rendered":"Minist\u00e8re des Finances : aucun directeur g\u00e9n\u00e9ral n\u2019a \u00e9t\u00e9 d\u00e9mis de ses fonctions"},"content":{"rendered":"<h2>Le\u00a0<a href=\"https:\/\/www.facebook.com\/MFTunisie\" target=\"_blank\" rel=\"noopener noreferrer\">minist\u00e8re des Finances<\/a>\u00a0d\u00e9mentait, dans la soir\u00e9e du lundi 1er mars 2021, les informations selon lesquelles \u00ab\u00a0<em>trois responsables parmi des directeurs g\u00e9n\u00e9raux ont \u00e9t\u00e9 d\u00e9mis de leurs fonctions. Et ce, parce qu\u2019ils ont pr\u00e9sent\u00e9 des informations erron\u00e9es en rapport avec la situation financi\u00e8re et \u00e9conomique du pays<\/em>\u00ab\u00a0.<\/h2>\n<p>Le minist\u00e8re des Finances tenait, en outre, \u00e0 pr\u00e9ciser que le mouvement qu\u2019il compte op\u00e9rer s\u2019inscrit dans le cadre de la transition au niveau des responsabilit\u00e9s. Il s\u2019agit aussi de combler un vide au niveau de certains d\u00e9partements. Et d\u2019ajouter: \u00ab\u00a0Le minist\u00e8re annoncera ult\u00e9rieurement le mouvement. Et ce, apr\u00e8s la finalisation officielle des proc\u00e9dures r\u00e8glementaires en vigueur.\u00a0\u00bb<\/p>\n<p>Notons que des informations relatives au limogeage par le ministre des Finances Ali Kooli des trois hauts responsables avaient circul\u00e9 sur les r\u00e9seaux sociaux. Les noms fuit\u00e9s \u00e9tant ceux de: Lotfi Ouhaibi, directeur des ressources; Sihem Nemssia, directrice g\u00e9n\u00e9rale des \u00e9tudes l\u00e9gislatives; et de Fethia Gharbi, directrice g\u00e9n\u00e9rale du contr\u00f4le fiscal. Et ce, selon certaines sources non officielles.<\/p>\n<p><em>M.T<\/em><\/p>\n<p>.<strong>leconomistemaghrebin<\/strong><\/p>\n<div class=\"wp-post-author-wrap wp-post-author-shortcode left\">\n<h3 class=\"awpa-title\"\/>\n<div class=\"wp-post-author\">\n<div class=\"awpa-img awpa-author-block square\"><a href=\"http:\/\/lexpertjournal.net\/fr\/?author=5\"><img loading=\"lazy\" decoding=\"async\" alt=\"\" src=\"http:\/\/0.gravatar.com\/avatar\/97f8e10a1c1125ba104a76514ee07b16?s=150&amp;d=mm&amp;r=g\" srcset=\"http:\/\/0.gravatar.com\/avatar\/97f8e10a1c1125ba104a76514ee07b16?s=300&amp;d=mm&amp;r=g 2x\" class=\"avatar avatar-150 photo\" height=\"150\" width=\"150\"\/><\/a><\/div>\n<\/div>\n<\/div>\n<aside class=\"mashsb-container mashsb-main mashsb-stretched\">\n<\/aside>\n<p>Auteur: L&rsquo;expert<br \/>\n<a href=\"http:\/\/lexpertjournal.net\/fr\/?p=18928\">Cliquez ici pour lire l&rsquo;article depuis sa source.<\/a><\/p>\n","protected":false},"excerpt":{"rendered":"<p>Le\u00a0minist\u00e8re des Finances\u00a0d\u00e9mentait, dans la soir\u00e9e du lundi 1er mars 2021, les informations selon lesquelles \u00ab\u00a0trois responsables parmi des directeurs g\u00e9n\u00e9raux ont \u00e9t\u00e9 d\u00e9mis de leurs fonctions. Et ce, parce qu\u2019ils ont pr\u00e9sent\u00e9 des informations erron\u00e9es en rapport avec la situation financi\u00e8re et \u00e9conomique du pays\u00ab\u00a0. Le minist\u00e8re des Finances tenait, en outre, \u00e0 pr\u00e9ciser [&hellip;]<\/p>\n","protected":false},"author":1775,"featured_media":0,"comment_status":"closed","ping_status":"closed","sticky":false,"template":"","format":"standard","meta":{"fifu_image_url":"http:\/\/0.gravatar.com\/avatar\/97f8e10a1c1125ba104a76514ee07b16?s=150&d=mm&r=g","fifu_image_alt":"Minist\u00e8re des Finances : aucun directeur g\u00e9n\u00e9ral n\u2019a \u00e9t\u00e9 d\u00e9mis de ses fonctions","footnotes":""},"categories":[78,55],"tags":[],"class_list":["post-112305","post","type-post","status-publish","format-standard","hentry","category-economie","category-tunisie"],"_links":{"self":[{"href":"https:\/\/linitiative.ca\/International\/wp-json\/wp\/v2\/posts\/112305","targetHints":{"allow":["GET"]}}],"collection":[{"href":"https:\/\/linitiative.ca\/International\/wp-json\/wp\/v2\/posts"}],"about":[{"href":"https:\/\/linitiative.ca\/International\/wp-json\/wp\/v2\/types\/post"}],"author":[{"embeddable":true,"href":"https:\/\/linitiative.ca\/International\/wp-json\/wp\/v2\/users\/1775"}],"replies":[{"embeddable":true,"href":"https:\/\/linitiative.ca\/International\/wp-json\/wp\/v2\/comments?post=112305"}],"version-history":[{"count":0,"href":"https:\/\/linitiative.ca\/International\/wp-json\/wp\/v2\/posts\/112305\/revisions"}],"wp:attachment":[{"href":"https:\/\/linitiative.ca\/International\/wp-json\/wp\/v2\/media?parent=112305"}],"wp:term":[{"taxonomy":"category","embeddable":true,"href":"https:\/\/linitiative.ca\/International\/wp-json\/wp\/v2\/categories?post=112305"},{"taxonomy":"post_tag","embeddable":true,"href":"https:\/\/linitiative.ca\/International\/wp-json\/wp\/v2\/tags?post=112305"}],"curies":[{"name":"wp","href":"https:\/\/api.w.org\/{rel}","templated":true}]}}