{"id":112306,"date":"2021-03-02T08:08:23","date_gmt":"2021-03-02T13:08:23","guid":{"rendered":"https:\/\/linitiative.ca\/International\/les-changements-climatiques-au-mois-de-mars-2021\/"},"modified":"2021-03-02T08:08:23","modified_gmt":"2021-03-02T13:08:23","slug":"les-changements-climatiques-au-mois-de-mars-2021","status":"publish","type":"post","link":"https:\/\/linitiative.ca\/International\/les-changements-climatiques-au-mois-de-mars-2021\/","title":{"rendered":"Les changements climatiques au mois de Mars 2021"},"content":{"rendered":"<div class=\"td-post-content\">\n<h2>Changements climatiques: Premier guide p\u00e9dagogique publi\u00e9 en braille.<\/h2>\n<p>Le premier Guide p\u00e9dagogique sur les changements climatiques, publi\u00e9 en braille, a vu le jour \u00e0 l\u2019Ecole primaire Ennour des non-voyants de Ben Arous. Ce guide s\u2019inscrit dans le cadre du projet de lutte contre les changements climatiques dans la for\u00eat urbaine de Ben Arous. Le projet b\u00e9n\u00e9ficie du soutien financier de\u00a0 l\u2019Agence fran\u00e7aise de d\u00e9veloppement (<a href=\"https:\/\/afd.fr\/\" target=\"_blank\" rel=\"noopener noreferrer\">AFD<\/a>). Le R\u00e9seau les enfants de la Terre en collaboration avec le WWF a men\u00e9 le projet en question.<\/p>\n<p>L\u2019\u00e9volution de l\u2019\u00e9conomie circulaire en Tunisie se porte mal. D\u2019autant que la crise sanitaire engendr\u00e9e par la pand\u00e9mie du Covid-19 a donne lieu \u00e0 une augmentation de la consommation du plastique. Et ce\u00a0 face \u00e0 un recul des efforts de recyclage. Affirme\u00a0 des conf\u00e9renciers \u00e0 la table ronde sur la \u00ab Economie Circulaire, une priorit\u00e9 strat\u00e9gique \u00bb. Cette table ronde s\u2019est tenue fin f\u00e9vrier \u00e0 la Cit\u00e9 des Sciences de Tunis.<\/p>\n<p>\u00ab La Tunisie se trouve dans une situation pire que les ann\u00e9es pass\u00e9es en ce qui concerne la maitrise de la gestion des d\u00e9chets. Car le contr\u00f4le fait d\u00e9faut et de nombreux chefs d\u2019entreprises se soucient davantage du gain facile que de l\u2019environnement \u00bb. A laiss\u00e9 entendre Hass\u00e8ne Nouri, Ma\u00eetre conf\u00e9rencier en sociologie \u00e0 l\u2019Institut sup\u00e9rieur des sciences humaine de Tunis.<\/p>\n<p>Nouri a \u00e9voqu\u00e9 la politique de l\u2019Etat en mati\u00e8re de traitement des d\u00e9chets. Il s\u2019est interrog\u00e9\u00a0 sur l\u2019attachement du gouvernement \u00e0 rester sur l\u2019enfouissement. Et ce\u00a0 en d\u00e9pit de l\u2019existence d\u2019autres alternatives comme la valorisation \u00bb. Il a donn\u00e9 \u00e0 ce sujet l\u2019exemple des d\u00e9chets du b\u00e2timent qui pourraient \u00eatre recycl\u00e9s \u00e0 75%. L\u2019intervenant \u00e9voqu\u00e9, \u00e9galement, le syst\u00e8me Ecolef, qui a\u00a0 permis la cr\u00e9ation d\u2019emplois, bien que pr\u00e9caires, \u00e0 environ 8000 chiffonniers.<\/p>\n<h2>Hausse des \u00e9missions de CO2 en Tunisie entre 2000 et 2014<\/h2>\n<p>La Tunisie compte parmi les pays m\u00e9diterran\u00e9ens, dont les \u00e9missions de CO2 ont augment\u00e9 entre 2000 et 2014. Et ce aux cot\u00e9s de \u00a0l\u2019Alg\u00e9rie, la Bosnie-Herz\u00e9govine, l\u2019Egypte, Israel, la Libye, le Liban, le Maroc et la Turquie. Affirme le rapport sur l\u2019\u00e9tat de l\u2019Environnement et du D\u00e9veloppement en M\u00e9diterran\u00e9e 2020 .A noter qu\u2019une \u00e9mission de CO2 est un rejet de ce gaz dans l\u2019atmosph\u00e8re terrestre. Le dioxyde de carbone est le deuxi\u00e8me gaz \u00e0 effet de serre le plus important dans l\u2019atmosph\u00e8re, apr\u00e8s la vapeur d\u2019eau. Les deux contribuent respectivement, \u00e0 hauteur de 26 % et 60 % \u00e0 l\u2019effet de serre.<\/p>\n<h2>Changer radicalement des strat\u00e9gies de d\u00e9veloppement<\/h2>\n<p>La Tunisie est appel\u00e9e \u00e0 changer radicalement ses strat\u00e9gies en mati\u00e8re de d\u00e9veloppement durable. Le changement doit se faire\u00a0 de mani\u00e8re \u00e0 int\u00e9grer tous les aspects relatifs \u00e0 l\u2019environnement dans ses planifications. C\u2019est ce qui ressort d\u2019une conf\u00e9rence portant sur les conclusions et recommandations du Rapport sur l\u2019\u00e9tat de l\u2019Environnement et du D\u00e9veloppement en M\u00e9diterran\u00e9e 2020 et leur d\u00e9clinaison dans le contexte tunisien.<\/p>\n<p>Cette rencontre s\u2019est d\u00e9roul\u00e9 en\u00a0 visioconf\u00e9rence le 16 f\u00e9vrier dernier. Elle s\u2019est d\u00e9roul\u00e9\u00a0 \u00e0 l\u2019initiative, du plan bleu. La rencontre a permis notamment, de mettre en relief les enjeux majeurs auxquels la Tunisie doit faire face. Notamment ceux relatifs \u00e0 la d\u00e9gradation des \u00e9cosyst\u00e8mes, la pollution persistante de l\u2019environnement et la mont\u00e9e des revendications socio\u00e9conomiques. Et ce \u00e0 la lumi\u00e8re du processus de d\u00e9centralisation en cours.<\/p>\n<p>Pour concr\u00e9tiser le changement radical dans les strat\u00e9gies de d\u00e9veloppement durable, deux opportunit\u00e9s s\u2019offrent aux d\u00e9cideurs. Avance Wafa Sahli, consultante en d\u00e9veloppement. Il s\u2019agit de la r\u00e9vision de la strat\u00e9gie de d\u00e9veloppement. Cette r\u00e9vision\u00a0 est en cours et la pr\u00e9paration du prochain plan quinquennal de d\u00e9veloppement.<\/p>\n<h2>Contribution insuffisante de la M\u00e9diterran\u00e9e \u00e0 la r\u00e9duction des \u00e9missions de CO2<\/h2>\n<p>La contribution de la M\u00e9diterran\u00e9e \u00e0 la r\u00e9duction des \u00e9missions de dioxyde de carbone (CO2) demeure insuffisante. Ces \u00e9missions qui ont atteint leur pic en 2005 sont toujours \u00e9lev\u00e9es. Et ce\u00a0 \u00e0 cause, notamment, de l\u2019\u00e9volution d\u00e9mographique. Selon le rapport sur l\u2019\u00e9tat de l\u2019Environnement et du D\u00e9veloppement en M\u00e9diterran\u00e9e 2020. Ce rapport a vu le jour au mois de f\u00e9vrier. Selon les estimations, les \u00e9missions dans la r\u00e9gion m\u00e9diterran\u00e9enne repr\u00e9sentent 5% du total des \u00e9missions mondiales.<\/p>\n<p>La moyenne par habitant est de l\u2019ordre de 4 tonnes, avec de grandes disparit\u00e9s entre les pays\u00a0 de la r\u00e9gion. Allant de 0,5 \u00e0 10 tonnes par habitant. Les pays m\u00e9diterran\u00e9ens qui sont \u00e0 l\u2019origine des \u00e9missions de CO2 les plus \u00e9lev\u00e9es (plus de 100 kilotonnes en 2014) sont la Turquie, l\u2019Italie, la France, l\u2019Espagne, la Gr\u00e8ce et l\u2019Alg\u00e9rie (par ordre d\u00e9croissant). Mais certains de ces pays ont vu leurs \u00e9missions baisser \u00e0 l\u2019instar de la France, l\u2019Italie, le Chypre, la Croatie, la Gr\u00e8ce et la Slov\u00e9nie.<\/p>\n<h2>Chute de la productivit\u00e9 des cultures de 40% en Alg\u00e9rie et au Maroc<\/h2>\n<p>La productivit\u00e9 des cultures devrait chuter de 21% en 2080 dans tous les pays m\u00e9diterran\u00e9ens avec des pics de d\u00e9clin de presque 40% en Alg\u00e9rie et au Maroc, mena\u00e7ant la s\u00e9curit\u00e9 alimentaire d\u00e9j\u00e0 difficile d\u2019une population qui devrait cro\u00eetre, c\u2019est ce qui ressort du rapport sur l\u2019\u00e9tat de l\u2019Environnement et du D\u00e9veloppement en M\u00e9diterran\u00e9e 2020.<\/p>\n<p>Selon ce rapport, il est pr\u00e9vu que le changement climatique ait des impacts majeurs sur l\u2019environnement terrestre, c\u00f4tier et marin de la r\u00e9gion m\u00e9diterran\u00e9enne. Ces pr\u00e9visions indiquent une hausse de l\u2019aridit\u00e9 en raison de pr\u00e9cipitations r\u00e9duites et du r\u00e9chauffement; un risque accru d\u2019incendies \u00e0 la fois plus fr\u00e9quents et plus graves, avec des augmentations pr\u00e9vues de la superficie br\u00fbl\u00e9e comprises entre 40 et 100%; et des impacts n\u00e9gatifs sur la vie sauvage dans les zones humides, \u00e0 l\u2019int\u00e9rieur des terres et sur les \u00e9cosyst\u00e8mes d\u2019eau douce en raison de la baisse des niveaux d\u2019eau de pluie et de la qualit\u00e9 de l\u2019eau. Le d\u00e9clin attendu dans l\u2019int\u00e9grit\u00e9 des \u00e9cosyst\u00e8mes, de la biodiversit\u00e9 et de la capacit\u00e9 de stockage du carbone conduira \u00e0 l\u2019\u00e9rosion et l\u2019\u00e9puisement des sols et \u00e0 la d\u00e9sertification.<\/p>\n<h2>Changements climatiques : la 16\u00e8me conf\u00e9rence des jeunes pr\u00e9c\u00e9dera la COP 26<\/h2>\n<p>La 16e Conf\u00e9rence des jeunes des Nations-Unies sur les changement climatiques (COY16) pour le climat aura lieu \u00e0 Glasgow (Ecosse). L\u2019\u00e9v\u00e9nement aura lieu\u00a0 une semaine avant la COP26, laquelle est pr\u00e9vue du 1er au 12 novembre 2021. \u00a0La COP 16 est organis\u00e9e par les YOUNGO (appellation donn\u00e9e aux d\u00e9l\u00e9gations de regroupements de jeune \u00e0 ce sommet), dans le cadre de la pr\u00e9paration des nouvelles g\u00e9n\u00e9rations aux n\u00e9gociations sur le climat et le renforcement de \u00a0leurs comp\u00e9tences en mati\u00e8re d\u2019\u00e9laboration de politiques en la mati\u00e8re, selon climat talk.<\/p>\n<p>Outre les \u00a0sessions pl\u00e9ni\u00e8res et parall\u00e8les, des ateliers de renforcement des comp\u00e9tences auront lieu au cours de ce pr\u00e9-sommet. L\u2019objectif \u00e9tant\u00a0 de doter les d\u00e9l\u00e9gu\u00e9s de nouvelles comp\u00e9tences en pr\u00e9visions de leur retour \u00e0 leurs pays d\u2019origine.<\/p>\n<p>L\u2019implication des jeunes lors des n\u00e9gociations climatiques internationales n\u2019est pas un ph\u00e9nom\u00e8ne r\u00e9cent. Depuis de nombreuses ann\u00e9es d\u00e9j\u00e0, les jeunes \u00a0participent \u00e0 ce RDV mondial. Mais ce n\u2019est que depuis le milieu des ann\u00e9es 2000 \u00a0que les d\u00e9l\u00e9gations jeunesse ont \u00e9t\u00e9 officiellement, reconnues comme des acteurs de la soci\u00e9t\u00e9 civile par le secr\u00e9tariat de la Convention cadre des Nations Unies sur les changements climatiques (CCNUCC).<\/p>\n<p>La 16e Conf\u00e9rence des Parties de la \u00a0Convention cadre des Nations Unies sur les changements climatiques (CCNUCC) tenue au Mexique, en 2010, a permis d\u2019observer l\u2019influence des d\u00e9l\u00e9gations jeunesse dans les n\u00e9gociations. Et m\u00eame dans le renforcement de leur cr\u00e9dibilit\u00e9.<\/p>\n<p>Avec TAP<\/p>\n<\/div>\n<footer>\n<\/footer>\n<div class=\"wp-post-author-wrap wp-post-author-shortcode left\">\n<h3 class=\"awpa-title\"\/>\n<div class=\"wp-post-author\">\n<div class=\"awpa-img awpa-author-block square\"><a href=\"http:\/\/lexpertjournal.net\/fr\/?author=5\"><img loading=\"lazy\" decoding=\"async\" alt=\"\" src=\"http:\/\/0.gravatar.com\/avatar\/97f8e10a1c1125ba104a76514ee07b16?s=150&amp;d=mm&amp;r=g\" srcset=\"http:\/\/0.gravatar.com\/avatar\/97f8e10a1c1125ba104a76514ee07b16?s=300&amp;d=mm&amp;r=g 2x\" class=\"avatar avatar-150 photo\" height=\"150\" width=\"150\"\/><\/a><\/div>\n<\/div>\n<\/div>\n<aside class=\"mashsb-container mashsb-main mashsb-stretched\">\n<\/aside>\n<p>Auteur: L&rsquo;expert<br \/>\n<a href=\"http:\/\/lexpertjournal.net\/fr\/?p=18931\">Cliquez ici pour lire l&rsquo;article depuis sa source.<\/a><\/p>\n","protected":false},"excerpt":{"rendered":"<p>Changements climatiques: Premier guide p\u00e9dagogique publi\u00e9 en braille. Le premier Guide p\u00e9dagogique sur les changements climatiques, publi\u00e9 en braille, a vu le jour \u00e0 l\u2019Ecole primaire Ennour des non-voyants de Ben Arous. Ce guide s\u2019inscrit dans le cadre du projet de lutte contre les changements climatiques dans la for\u00eat urbaine de Ben Arous. Le projet [&hellip;]<\/p>\n","protected":false},"author":1775,"featured_media":0,"comment_status":"closed","ping_status":"closed","sticky":false,"template":"","format":"standard","meta":{"fifu_image_url":"http:\/\/0.gravatar.com\/avatar\/97f8e10a1c1125ba104a76514ee07b16?s=150&d=mm&r=g","fifu_image_alt":"Les changements climatiques au mois de Mars 2021","footnotes":""},"categories":[78,55],"tags":[],"class_list":["post-112306","post","type-post","status-publish","format-standard","hentry","category-economie","category-tunisie"],"_links":{"self":[{"href":"https:\/\/linitiative.ca\/International\/wp-json\/wp\/v2\/posts\/112306","targetHints":{"allow":["GET"]}}],"collection":[{"href":"https:\/\/linitiative.ca\/International\/wp-json\/wp\/v2\/posts"}],"about":[{"href":"https:\/\/linitiative.ca\/International\/wp-json\/wp\/v2\/types\/post"}],"author":[{"embeddable":true,"href":"https:\/\/linitiative.ca\/International\/wp-json\/wp\/v2\/users\/1775"}],"replies":[{"embeddable":true,"href":"https:\/\/linitiative.ca\/International\/wp-json\/wp\/v2\/comments?post=112306"}],"version-history":[{"count":0,"href":"https:\/\/linitiative.ca\/International\/wp-json\/wp\/v2\/posts\/112306\/revisions"}],"wp:attachment":[{"href":"https:\/\/linitiative.ca\/International\/wp-json\/wp\/v2\/media?parent=112306"}],"wp:term":[{"taxonomy":"category","embeddable":true,"href":"https:\/\/linitiative.ca\/International\/wp-json\/wp\/v2\/categories?post=112306"},{"taxonomy":"post_tag","embeddable":true,"href":"https:\/\/linitiative.ca\/International\/wp-json\/wp\/v2\/tags?post=112306"}],"curies":[{"name":"wp","href":"https:\/\/api.w.org\/{rel}","templated":true}]}}