{"id":112312,"date":"2021-03-02T12:06:54","date_gmt":"2021-03-02T17:06:54","guid":{"rendered":"https:\/\/linitiative.ca\/International\/vaccination-anti-covid-le-maroc-un-modele-distingue-qui-fait-mieux-que-la-plupart-des-pays-europeens\/"},"modified":"2021-03-02T12:06:54","modified_gmt":"2021-03-02T17:06:54","slug":"vaccination-anti-covid-le-maroc-un-modele-distingue-qui-fait-mieux-que-la-plupart-des-pays-europeens","status":"publish","type":"post","link":"https:\/\/linitiative.ca\/International\/vaccination-anti-covid-le-maroc-un-modele-distingue-qui-fait-mieux-que-la-plupart-des-pays-europeens\/","title":{"rendered":"Vaccination anti-Covid: Le Maroc, un mod\u00e8le distingu\u00e9 qui fait mieux que la plupart des pays europ\u00e9ens"},"content":{"rendered":"<p class=\"c4\">La campagne de vaccination anti-Covid qui a \u00e9t\u00e9 lanc\u00e9e au Maroc par SM le Roi Mohammed VI fait du Royaume un mod\u00e8le distingu\u00e9 qui a fait mieux que la plupart des pays europ\u00e9ens, a soulign\u00e9 mardi le quotidien italien Corriere della Sera.<\/p>\n<p class=\"c4\">Sous le titre \u00ab\u00a0Vaccinations: le Maroc fait mieux que la France et l\u2019Italie: 9% de la population prot\u00e9g\u00e9e\u00a0\u00bb, le quotidien italien rel\u00e8ve que le Maroc compte 94% de toutes les personnes vaccin\u00e9es en Afrique, soulignant que ce r\u00e9sultat a \u00e9t\u00e9 obtenu gr\u00e2ce \u00e0 une politique progressive qui a d\u00e9marr\u00e9 avec une c\u00e9r\u00e9monie symbolique, durant laquelle SM le Roi Mohammed VI a re\u00e7u la premi\u00e8re dose du vaccin, \u00ab\u00a0en donnant le bon exemple pour le reste du pays.\u00a0\u00bb<\/p>\n<p class=\"c4\">La publication fait observer que le Maroc \u00ab\u00a0monte dans le classement mondial en termes de couverture vaccinale, qui a concern\u00e9 un nombre d\u2019habitants plus \u00e9lev\u00e9 qu\u2019en l\u2019Italie, en France et presque dans tous les \u00c9tats europ\u00e9ens et, o\u00f9, par cons\u00e9quent, les donn\u00e9es g\u00e9n\u00e9rales sur la pand\u00e9mie conduisent \u00e0 l\u2019optimisme\u00a0\u00bb.<\/p>\n<p class=\"c4\">Ces chiffres sont d\u2019autant plus remarquables qu\u2019ils sont enregistr\u00e9s dans \u00ab\u00a0un pays faisant partie de l\u2019Afrique, un continent consid\u00e9r\u00e9 comme particuli\u00e8rement vuln\u00e9rable et o\u00f9 on redoutait une vague de cas\u00a0\u00bb. \u00ab\u00a0Mais, au lieu de cela, le Maroc devient une sorte d\u2019exception en termes de politiques de pr\u00e9vention contre le Covid, comme en t\u00e9moignent encore les chiffres\u00a0\u00bb, \u00e9crit le journal.<\/p>\n<p class=\"c4\">Citant des donn\u00e9es publi\u00e9es par le minist\u00e8re de la Sant\u00e9 au Maroc, au 27 f\u00e9vrier, le journal rel\u00e8ve que 3.600.000 habitants du pays avaient re\u00e7u au moins une dose du vaccin anti Covid sur une population totale d\u2019environ 37 millions de personnes.<\/p>\n<p class=\"c4\">La campagne de vaccination a fait que le Maroc repr\u00e9sente, \u00e0 lui seul, 94% des personnes vaccin\u00e9es dans tout le continent africain, fait constater la publication, ajoutant que l\u2019objectif d\u00e9clar\u00e9 du gouvernement est d\u2019immuniser 80% des habitants d\u2019ici fin avril.<\/p>\n<p>Auteur: Soufiane ELAHMAR<br \/>\n<a href=\"http:\/\/www.mapoujda.ma\/fr\/vaccination-anti-covid-le-maroc-un-modele-distingue-qui-fait-mieux-que-la-plupart-des-pays-europeens\/\">Cliquez ici pour lire l&rsquo;article depuis sa source.<\/a><\/p>\n","protected":false},"excerpt":{"rendered":"<p>La campagne de vaccination anti-Covid qui a \u00e9t\u00e9 lanc\u00e9e au Maroc par SM le Roi Mohammed VI fait du Royaume un mod\u00e8le distingu\u00e9 qui a fait mieux que la plupart des pays europ\u00e9ens, a soulign\u00e9 mardi le quotidien italien Corriere della Sera. Sous le titre \u00ab\u00a0Vaccinations: le Maroc fait mieux que la France et l\u2019Italie: [&hellip;]<\/p>\n","protected":false},"author":1788,"featured_media":0,"comment_status":"closed","ping_status":"closed","sticky":false,"template":"","format":"standard","meta":{"fifu_image_url":"","fifu_image_alt":"","footnotes":""},"categories":[54,76],"tags":[],"class_list":["post-112312","post","type-post","status-publish","format-standard","hentry","category-maroc","category-regions"],"_links":{"self":[{"href":"https:\/\/linitiative.ca\/International\/wp-json\/wp\/v2\/posts\/112312","targetHints":{"allow":["GET"]}}],"collection":[{"href":"https:\/\/linitiative.ca\/International\/wp-json\/wp\/v2\/posts"}],"about":[{"href":"https:\/\/linitiative.ca\/International\/wp-json\/wp\/v2\/types\/post"}],"author":[{"embeddable":true,"href":"https:\/\/linitiative.ca\/International\/wp-json\/wp\/v2\/users\/1788"}],"replies":[{"embeddable":true,"href":"https:\/\/linitiative.ca\/International\/wp-json\/wp\/v2\/comments?post=112312"}],"version-history":[{"count":0,"href":"https:\/\/linitiative.ca\/International\/wp-json\/wp\/v2\/posts\/112312\/revisions"}],"wp:attachment":[{"href":"https:\/\/linitiative.ca\/International\/wp-json\/wp\/v2\/media?parent=112312"}],"wp:term":[{"taxonomy":"category","embeddable":true,"href":"https:\/\/linitiative.ca\/International\/wp-json\/wp\/v2\/categories?post=112312"},{"taxonomy":"post_tag","embeddable":true,"href":"https:\/\/linitiative.ca\/International\/wp-json\/wp\/v2\/tags?post=112312"}],"curies":[{"name":"wp","href":"https:\/\/api.w.org\/{rel}","templated":true}]}}