{"id":112313,"date":"2021-03-02T08:37:48","date_gmt":"2021-03-02T13:37:48","guid":{"rendered":"https:\/\/linitiative.ca\/International\/novartis-maroc-rallonge-le-conge-parental\/"},"modified":"2021-03-02T08:37:48","modified_gmt":"2021-03-02T13:37:48","slug":"novartis-maroc-rallonge-le-conge-parental","status":"publish","type":"post","link":"https:\/\/linitiative.ca\/International\/novartis-maroc-rallonge-le-conge-parental\/","title":{"rendered":"Novartis Maroc rallonge le cong\u00e9 parental"},"content":{"rendered":"<p class=\"rtejustify\">Le groupe pharmaceutique Novartis a instaur\u00e9 un cong\u00e9 parental r\u00e9mun\u00e9r\u00e9 de 14 semaines au Maroc valable aussi pour les p\u00e8res. Cette d\u00e9cision fait suite \u00e0 nouvelle directive du groupe \u00e0 l&rsquo;\u00e9chelle mondiale.<\/p>\n<p class=\"rtejustify\">Elle est appliqu\u00e9e depuis janvier 2021. Ainsi, tous les employ\u00e9s peuvent b\u00e9n\u00e9ficier d&rsquo;une p\u00e9riode minimale de 14 semaines de cong\u00e9 parental pay\u00e9 \u00e0 la suite de la naissance d&rsquo;un enfant, indique le groupe pharmaceutique.<\/p>\n<p class=\"rtejustify\">\u00a0<\/p>\n<p>Auteur: mbasraoui<br \/>\n<a href=\"https:\/\/www.leconomiste.com\/flash-infos\/novartis-maroc-rallonge-le-conge-parental\">Cliquez ici pour lire l&rsquo;article depuis sa source.<\/a><\/p>\n","protected":false},"excerpt":{"rendered":"<p>Le groupe pharmaceutique Novartis a instaur\u00e9 un cong\u00e9 parental r\u00e9mun\u00e9r\u00e9 de 14 semaines au Maroc valable aussi pour les p\u00e8res. Cette d\u00e9cision fait suite \u00e0 nouvelle directive du groupe \u00e0 l&rsquo;\u00e9chelle mondiale. Elle est appliqu\u00e9e depuis janvier 2021. Ainsi, tous les employ\u00e9s peuvent b\u00e9n\u00e9ficier d&rsquo;une p\u00e9riode minimale de 14 semaines de cong\u00e9 parental pay\u00e9 \u00e0 [&hellip;]<\/p>\n","protected":false},"author":1763,"featured_media":0,"comment_status":"closed","ping_status":"closed","sticky":false,"template":"","format":"standard","meta":{"fifu_image_url":"","fifu_image_alt":"","footnotes":""},"categories":[78,54],"tags":[],"class_list":["post-112313","post","type-post","status-publish","format-standard","hentry","category-economie","category-maroc"],"_links":{"self":[{"href":"https:\/\/linitiative.ca\/International\/wp-json\/wp\/v2\/posts\/112313","targetHints":{"allow":["GET"]}}],"collection":[{"href":"https:\/\/linitiative.ca\/International\/wp-json\/wp\/v2\/posts"}],"about":[{"href":"https:\/\/linitiative.ca\/International\/wp-json\/wp\/v2\/types\/post"}],"author":[{"embeddable":true,"href":"https:\/\/linitiative.ca\/International\/wp-json\/wp\/v2\/users\/1763"}],"replies":[{"embeddable":true,"href":"https:\/\/linitiative.ca\/International\/wp-json\/wp\/v2\/comments?post=112313"}],"version-history":[{"count":0,"href":"https:\/\/linitiative.ca\/International\/wp-json\/wp\/v2\/posts\/112313\/revisions"}],"wp:attachment":[{"href":"https:\/\/linitiative.ca\/International\/wp-json\/wp\/v2\/media?parent=112313"}],"wp:term":[{"taxonomy":"category","embeddable":true,"href":"https:\/\/linitiative.ca\/International\/wp-json\/wp\/v2\/categories?post=112313"},{"taxonomy":"post_tag","embeddable":true,"href":"https:\/\/linitiative.ca\/International\/wp-json\/wp\/v2\/tags?post=112313"}],"curies":[{"name":"wp","href":"https:\/\/api.w.org\/{rel}","templated":true}]}}