{"id":112317,"date":"2021-03-02T13:19:06","date_gmt":"2021-03-02T18:19:06","guid":{"rendered":"https:\/\/linitiative.ca\/International\/covid19-365-millions-de-personnes-vaccinees-293-857-recoivent-leur-2e-dose\/"},"modified":"2021-03-02T13:19:06","modified_gmt":"2021-03-02T18:19:06","slug":"covid19-365-millions-de-personnes-vaccinees-293-857-recoivent-leur-2e-dose","status":"publish","type":"post","link":"https:\/\/linitiative.ca\/International\/covid19-365-millions-de-personnes-vaccinees-293-857-recoivent-leur-2e-dose\/","title":{"rendered":"Covid19: 3,65 millions de personnes vaccin\u00e9es, 293.857 re\u00e7oivent leur 2e dose"},"content":{"rendered":"<p class=\"rtejustify\">Le Maroc a enregistr\u00e9 <span class=\"c4\">393\u00a0<\/span>nouveaux cas de Covid19 durant les derni\u00e8res 24 heures, ce qui porte le total \u00e0 <span class=\"c4\">484 159\u00a0<\/span>cas confirm\u00e9s, d&rsquo;apr\u00e8s le nouveau bilan du minist\u00e8re de la Sant\u00e9 de ce mardi 02\u00a0mars 2021.<\/p>\n<p class=\"rtejustify\">Le nombre de personnes vaccin\u00e9es se chiffre \u00e0 <span class=\"c4\">3 657 468<\/span>\u00a0indique le minist\u00e8re. <span class=\"c4\">293 857\u00a0<\/span>personnes ont pris leur 2e dose du vaccin. Casablanca-Settat a enregistr\u00e9 <span class=\"c4\">274\u00a0<\/span>nouveaux cas, alors que la r\u00e9gion de l&rsquo;Oriental en compte <span class=\"c4\">34<\/span>. Au total,\u00a0<span class=\"c4\">9 854\u00a0<\/span>nouveaux tests ont \u00e9t\u00e9 r\u00e9alis\u00e9s.<\/p>\n<p class=\"rtejustify\">Quant au nombre de d\u00e9c\u00e8s, il s&rsquo;\u00e9tablit \u00e0 <span class=\"c4\">8 645<\/span>, soit <strong>8\u00a0<\/strong>morts de plus en 24 heures (taux de l\u00e9talit\u00e9 1,8%), alors que <span class=\"c4\">523\u00a0<\/span>nouvelles gu\u00e9risons ont \u00e9t\u00e9 recens\u00e9es, soit au total <span class=\"c4\">469 868\u00a0<\/span>(taux de gu\u00e9rison 97%). Le nombre de cas encore actifs atteint <span class=\"c4\">5 646<\/span>, dont <strong>380\u00a0<\/strong>s\u00e9v\u00e8res. Parmi ces derniers, <span class=\"c4\">24\u00a0<\/span>sont sous intubation, alors que <span class=\"c4\">229\u00a0<\/span>sont sous ventilation non invasive.<\/p>\n<p class=\"rtejustify\">Par ailleurs, le taux d&rsquo;occupation des lits d\u00e9di\u00e9s au Covid-19 atteint 12%.<\/p>\n<p>Auteur: mbasraoui<br \/>\n<a href=\"https:\/\/www.leconomiste.com\/flash-infos\/covid19-3-65-millions-de-personnes-vaccinees-293-857-recoivent-leur-2e-dose\">Cliquez ici pour lire l&rsquo;article depuis sa source.<\/a><\/p>\n","protected":false},"excerpt":{"rendered":"<p>Le Maroc a enregistr\u00e9 393\u00a0nouveaux cas de Covid19 durant les derni\u00e8res 24 heures, ce qui porte le total \u00e0 484 159\u00a0cas confirm\u00e9s, d&rsquo;apr\u00e8s le nouveau bilan du minist\u00e8re de la Sant\u00e9 de ce mardi 02\u00a0mars 2021. Le nombre de personnes vaccin\u00e9es se chiffre \u00e0 3 657 468\u00a0indique le minist\u00e8re. 293 857\u00a0personnes ont pris leur 2e [&hellip;]<\/p>\n","protected":false},"author":1763,"featured_media":0,"comment_status":"closed","ping_status":"closed","sticky":false,"template":"","format":"standard","meta":{"fifu_image_url":"","fifu_image_alt":"","footnotes":""},"categories":[78,54],"tags":[],"class_list":["post-112317","post","type-post","status-publish","format-standard","hentry","category-economie","category-maroc"],"_links":{"self":[{"href":"https:\/\/linitiative.ca\/International\/wp-json\/wp\/v2\/posts\/112317","targetHints":{"allow":["GET"]}}],"collection":[{"href":"https:\/\/linitiative.ca\/International\/wp-json\/wp\/v2\/posts"}],"about":[{"href":"https:\/\/linitiative.ca\/International\/wp-json\/wp\/v2\/types\/post"}],"author":[{"embeddable":true,"href":"https:\/\/linitiative.ca\/International\/wp-json\/wp\/v2\/users\/1763"}],"replies":[{"embeddable":true,"href":"https:\/\/linitiative.ca\/International\/wp-json\/wp\/v2\/comments?post=112317"}],"version-history":[{"count":0,"href":"https:\/\/linitiative.ca\/International\/wp-json\/wp\/v2\/posts\/112317\/revisions"}],"wp:attachment":[{"href":"https:\/\/linitiative.ca\/International\/wp-json\/wp\/v2\/media?parent=112317"}],"wp:term":[{"taxonomy":"category","embeddable":true,"href":"https:\/\/linitiative.ca\/International\/wp-json\/wp\/v2\/categories?post=112317"},{"taxonomy":"post_tag","embeddable":true,"href":"https:\/\/linitiative.ca\/International\/wp-json\/wp\/v2\/tags?post=112317"}],"curies":[{"name":"wp","href":"https:\/\/api.w.org\/{rel}","templated":true}]}}