{"id":112318,"date":"2021-03-02T10:30:00","date_gmt":"2021-03-02T15:30:00","guid":{"rendered":"https:\/\/linitiative.ca\/International\/le-monde-fluide-de-olga-tokarczuk\/"},"modified":"2021-03-02T10:30:00","modified_gmt":"2021-03-02T15:30:00","slug":"le-monde-fluide-de-olga-tokarczuk","status":"publish","type":"post","link":"https:\/\/linitiative.ca\/International\/le-monde-fluide-de-olga-tokarczuk\/","title":{"rendered":"Le monde fluide de Olga Tokarczuk"},"content":{"rendered":"<p class=\"p1 c3\"><span class=\"c2\"><strong>Le Temps-Hatem BOURIAL<\/strong><\/span><\/p>\n<p class=\"p1 c3\"><span class=\"c2\"><strong>Prix Nobel de litt\u00e9rature en 2018, Olga Tokarczuk a \u00e9t\u00e9 au centre d&rsquo;une rencontre avec son \u0153uvre, organis\u00e9e par l&rsquo;ambassade de Pologne en Tunisie. Une auteure fondamentale pour la modernit\u00e9 litt\u00e9raire.<span class=\"Apple-converted-space\">\u00a0<\/span><\/strong><\/span><\/p>\n<p class=\"p1 c4\"><span class=\"c2\">C&rsquo;\u00e9tait l&rsquo;ann\u00e9e derni\u00e8re, dans le monde d&rsquo;avant la pand\u00e9mie, que cette rencontre autour de l&rsquo;\u0153uvre de Olga Tokarczuk devait avoir lieu. Inscrite dans le cadre d&rsquo;un triptyque consacr\u00e9 \u00e0 l&rsquo;Europe centrale, cette rencontre \u00e9tait pr\u00e9vue pour \u00eatre la deuxi\u00e8me d&rsquo;un cycle incluant Peter Handke (Autriche) et Vaclav Havel (R\u00e9publique tch\u00e8que). Ce cycle de d\u00e9bats faisait suite \u00e0 une premi\u00e8re initiative accueillie en 2019 par la Biblioth\u00e8que nationale.<span class=\"Apple-converted-space\">\u00a0<\/span><\/span><\/p>\n<p class=\"p1 c4\"><span class=\"c2\">Une ann\u00e9e plus tard, la rencontre aura finalement eu lieu \u00e0 la station d&rsquo;art de Bhar Lazreg, avec le soutien de l&rsquo;ambassade de Pologne en Tunisie. Ce gros plan sur la Nobel polonaise aura permis de mieux cerner l&rsquo;\u0153uvre de cette \u00e9crivaine et aussi \u00e9couter des extraits de ses \u00e9crits, lus \u00e0 haute voix en polonais, fran\u00e7ais et arabe.<span class=\"Apple-converted-space\">\u00a0<\/span><\/span><\/p>\n<p class=\"p2 c5\">\u00a0<\/p>\n<p class=\"p3 c6\"><span class=\"c2\"><strong>Le magn\u00e9tisme de Wojciech Skrobisz<span class=\"Apple-converted-space\">\u00a0<\/span><\/strong><\/span><\/p>\n<p class=\"p1 c4\"><span class=\"c2\">Animant cette rencontre qui a rassembl\u00e9 le public culturel et la communaut\u00e9 polonaise de Tunisie, Wojciech Skrobisz a permis de mieux entrevoir la profondeur de l&rsquo;\u0153uvre de Tokarczuk tout en mettant beaucoup de tonus dans les extraits qu&rsquo;il a choisi de lire. Responsable du service culturel de l&rsquo;ambassade polonaise, Skrobisz, excellent lecteur \u00e0 haute voix, tr\u00e8s magn\u00e9tique, a \u00e9galement mis en exergue les oeuvres principales de Tokarczuk, notamment \u00ab\u00a0Les Livres de Jakob\u00a0\u00bb ou \u00ab\u00a0Anna dans les tombeaux du monde\u00a0\u00bb.<\/span><\/p>\n<p class=\"p1 c4\"><span class=\"c2\">Psychologue de formation, lectrice de Carl Gustav Jung et William Blake, Tokarczuk est aujourd&rsquo;hui triplement engag\u00e9e : dans la d\u00e9fense de la plan\u00e8te, la promotion de la langue polonaise et le travail litt\u00e9raire. N\u00e9e en 1962, r\u00e9cipiendaire du Nobel litt\u00e9raire en 2018, cette \u00e9crivaine est celle de tous les nomadismes et toutes les fluidit\u00e9s. \u00c0 vrai dire, le temps est la matrice essentielle dans l&rsquo;oeuvre de Tokarczuk qui pr\u00e9sente souvent des \u00eatres aux prises avec leur propre libert\u00e9. Cette auteure aime projeter son lecteur dans des lieux et aussi des non-lieux de tous les nomadismes contemporains.<span class=\"Apple-converted-space\">\u00a0<\/span><\/span><\/p>\n<p class=\"p1 c4\"><span class=\"c2\">Si d&rsquo;une part, elle recr\u00e9e le voyage litt\u00e9raire, elle est aussi un porte-voix pour les routards, les post-hippies, les d\u00e9sesp\u00e9r\u00e9s ou les gens en rupture de ban. L&rsquo;univers romanesque de Tokarczuk est fait de fragments, d&rsquo;aphorismes ou de r\u00e9cits qui s&#8217;embo\u00eetent dans des flux o\u00f9 se croisent mappemondes et applications informatiques. Ce monde complexe est fuyant, parfois insens\u00e9 ou fig\u00e9 dans des visions d&rsquo;autres temps.<span class=\"Apple-converted-space\">\u00a0<\/span><\/span><\/p>\n<p class=\"p2 c5\">\u00a0<\/p>\n<p class=\"p3 c6\"><span class=\"c2\"><strong>La fluidit\u00e9 d\u00e9boussol\u00e9e des nomades modernes<span class=\"Apple-converted-space\">\u00a0<\/span><\/strong><\/span><\/p>\n<p class=\"p1 c4\"><span class=\"c2\">Un extrait de l&rsquo;un de ses meilleurs romans, \u00ab\u00a0Les P\u00e9r\u00e9grins\u00a0\u00bb, paru en 2010, donne le ton de cette fluidit\u00e9 d\u00e9boussol\u00e9e. On peut lire \u00e0 propos d&rsquo;un des narrateurs :<\/span><\/p>\n<p class=\"p1 c4\"><span class=\"c2\">\u00ab\u00a0Quand je suis en voyage, je disparais des cartes. Personne ne sait o\u00f9 je suis. Suis-je \u00e0 mon point de d\u00e9part ou d\u00e9j\u00e0 sur le lieu de ma destination ? Est-ce qu&rsquo;il existe un entre-deux ? Suis-je comme ces heures du jour escamot\u00e9e lorsque l&rsquo;avion va vers l&rsquo;ouest ? Ou comme la nuit qui fuit quand l&rsquo;avion vole vers l&rsquo;ouest ? Est-ce que je veille \u00e0 la m\u00eame loi que celle dont aime se pr\u00e9valoir la physique quantique, \u00e0 savoir qu&rsquo;une particule peut exister dans deux endroits en m\u00eame temps ? Ou peut-\u00eatre \u00e0 une autre loi encore ignor\u00e9e, donc non \u00e9tay\u00e9e par des preuves faisant qu&rsquo;on peut doublement ne pas exister en un seul et m\u00eame lieu ? Je pense qu&rsquo;il y a beaucoup de personnes comme moi, des personnes disparues, absentes, qui apparaissent subitement dans les terminaux des a\u00e9roports, dans les zones d&rsquo;arriv\u00e9es et qui ne commencent \u00e0 exister qu&rsquo;une fois leur passeport du monde tamponn\u00e9 par les employ\u00e9s de la police des fronti\u00e8res, ou bien quand une aimable r\u00e9ceptionniste d&rsquo;un h\u00f4tel leur a remis les cl\u00e9s de la chambre.<span class=\"Apple-converted-space\">\u00a0<\/span><\/span><\/p>\n<p class=\"p1 c4\"><span class=\"c2\">Sans doute ces gens-l\u00e0 se sont-ils d\u00e9j\u00e0 rendus compte que leur \u00eatre \u00e9tait instable et fortement soumis aux lieux, aux heures de la journ\u00e9e, \u00e0 la ville, \u00e0 son climat et \u00e0 la langue du pays, la mobilit\u00e9, la variabilit\u00e9, le caract\u00e8re illusoire de ce qu&rsquo;il entreprend ? Voil\u00e0 ce qui caract\u00e9rise l&rsquo;homme civilis\u00e9. Je pense aussi que le monde se trouve \u00e0 l&rsquo;int\u00e9rieur de nous-m\u00eames, nich\u00e9s dans les circonvolutions du cerveau, il est cette petite boule coinc\u00e9e dans la gorge. A vrai dire, il suffirait de tout sauter et de le recracher \u00bb.<span class=\"Apple-converted-space\">\u00a0<\/span><\/span><\/p>\n<p class=\"p2 c5\">\u00a0<\/p>\n<p class=\"p3 c6\"><span class=\"c2\"><strong>\u00c9quilibres instables et ailleurs fantasm\u00e9s<\/strong><span class=\"s1 c7\">\u00a0<\/span><\/span><\/p>\n<p class=\"p1 c4\"><span class=\"c2\">Comme on peut ais\u00e9ment le constater, cet extrait est des plus significatifs quant \u00e0 la d\u00e9marche de l&rsquo;auteure, toujours en \u00e9quilibre instable ou \u00e0 la recherche d&rsquo;ailleurs fantasm\u00e9s. La litt\u00e9rature de Tokarczuk proc\u00e8de de cet \u00e9lan et les extraits qui ont \u00e9t\u00e9 lus lors de la rencontre du 27 f\u00e9vrier, ont balis\u00e9 la voie pour sa compr\u00e9hension.<span class=\"Apple-converted-space\">\u00a0<\/span><\/span><\/p>\n<p class=\"p1 c4\"><span class=\"c2\">Entre Jack Kerouak et Isabelle Eberhardt, le monde de Tokarczuk est celui des vagabonds sublimes et des cheminots qui errent le long des routes et des imaginaires. Cette rencontre culturelle ouvre de belles perspectives sur son oeuvre et remet la litt\u00e9rature au c\u0153ur du d\u00e9bat. O\u00f9 en sommes-nous par rapport aux tendances actuelles? Comment se porte le mouvement de la traduction vers la langue arabe ? Quels sont nos d\u00e9bats litt\u00e9raires actuels ? Un ensemble de questions qui ont \u00e9t\u00e9 agit\u00e9es par les participants au d\u00e9bat qui, pour certains, d\u00e9couvraient Olga Tokarczuk.<span class=\"Apple-converted-space\">\u00a0<\/span><\/span><\/p>\n<p class=\"p1 c3\">\u00a0<\/p>\n<p class=\"p4 c8\"><span class=\"c2\"><strong>H.B<\/strong><\/span><\/p>\n<p>Auteur: letemps1<br \/>\n<a href=\"http:\/\/www.letemps.com.tn\/article\/119531\/le-monde-fluide-de-olga-tokarczuk\">Cliquez ici pour lire l&rsquo;article depuis sa source.<\/a><\/p>\n","protected":false},"excerpt":{"rendered":"<p>Le Temps-Hatem BOURIAL Prix Nobel de litt\u00e9rature en 2018, Olga Tokarczuk a \u00e9t\u00e9 au centre d&rsquo;une rencontre avec son \u0153uvre, organis\u00e9e par l&rsquo;ambassade de Pologne en Tunisie. Une auteure fondamentale pour la modernit\u00e9 litt\u00e9raire.\u00a0 C&rsquo;\u00e9tait l&rsquo;ann\u00e9e derni\u00e8re, dans le monde d&rsquo;avant la pand\u00e9mie, que cette rencontre autour de l&rsquo;\u0153uvre de Olga Tokarczuk devait avoir lieu. [&hellip;]<\/p>\n","protected":false},"author":1773,"featured_media":0,"comment_status":"closed","ping_status":"closed","sticky":false,"template":"","format":"standard","meta":{"fifu_image_url":"","fifu_image_alt":"","footnotes":""},"categories":[73,55],"tags":[],"class_list":["post-112318","post","type-post","status-publish","format-standard","hentry","category-actualite","category-tunisie"],"_links":{"self":[{"href":"https:\/\/linitiative.ca\/International\/wp-json\/wp\/v2\/posts\/112318","targetHints":{"allow":["GET"]}}],"collection":[{"href":"https:\/\/linitiative.ca\/International\/wp-json\/wp\/v2\/posts"}],"about":[{"href":"https:\/\/linitiative.ca\/International\/wp-json\/wp\/v2\/types\/post"}],"author":[{"embeddable":true,"href":"https:\/\/linitiative.ca\/International\/wp-json\/wp\/v2\/users\/1773"}],"replies":[{"embeddable":true,"href":"https:\/\/linitiative.ca\/International\/wp-json\/wp\/v2\/comments?post=112318"}],"version-history":[{"count":0,"href":"https:\/\/linitiative.ca\/International\/wp-json\/wp\/v2\/posts\/112318\/revisions"}],"wp:attachment":[{"href":"https:\/\/linitiative.ca\/International\/wp-json\/wp\/v2\/media?parent=112318"}],"wp:term":[{"taxonomy":"category","embeddable":true,"href":"https:\/\/linitiative.ca\/International\/wp-json\/wp\/v2\/categories?post=112318"},{"taxonomy":"post_tag","embeddable":true,"href":"https:\/\/linitiative.ca\/International\/wp-json\/wp\/v2\/tags?post=112318"}],"curies":[{"name":"wp","href":"https:\/\/api.w.org\/{rel}","templated":true}]}}