{"id":112319,"date":"2021-03-02T10:30:00","date_gmt":"2021-03-02T15:30:00","guid":{"rendered":"https:\/\/linitiative.ca\/International\/plus-de-400-parlementaires-europeens-appellent-a-la-mobilisation\/"},"modified":"2021-03-02T10:30:00","modified_gmt":"2021-03-02T15:30:00","slug":"plus-de-400-parlementaires-europeens-appellent-a-la-mobilisation","status":"publish","type":"post","link":"https:\/\/linitiative.ca\/International\/plus-de-400-parlementaires-europeens-appellent-a-la-mobilisation\/","title":{"rendered":"Plus de 400 parlementaires europ\u00e9ens appellent  \u00e0 la mobilisation"},"content":{"rendered":"<p class=\"p1 c4\"><span class=\"c3\"><span class=\"s1 c2\">Le Temps- Agences-<\/span> <strong>D\u00e9non\u00e7ant une \u00ab\u00a0annexion de facto\u00a0\u00bb de la Cisjordanie par Isra\u00ebl, plus de 400 parlementaires europ\u00e9ens ont appel\u00e9, hier, leurs pays \u00e0 profiter de l&rsquo;arriv\u00e9e de Joe Biden \u00e0 Washington pour se mobiliser contre la colonisation des Territoires palestiniens occup\u00e9s.<\/strong><\/span><\/p>\n<p class=\"p1 c5\"><span class=\"c3\">Sur l&rsquo;initiative de plusieurs anciens responsables isra\u00e9liens, 442 d\u00e9put\u00e9s et s\u00e9nateurs d&rsquo;une vingtaine de pays d&rsquo;Europe ont sign\u00e9 une lettre envoy\u00e9e dans la nuit de dimanche \u00e0 lundi aux minist\u00e8res des Affaires \u00e9trang\u00e8res des diff\u00e9rents pays europ\u00e9ens.<\/span><\/p>\n<p class=\"p1 c5\"><span class=\"c3\">\u00ab\u00a0Les d\u00e9veloppements sur le terrain tendent clairement vers une r\u00e9alit\u00e9 d&rsquo;annexion de facto progressant rapidement, surtout avec l&rsquo;expansion des colonies et les d\u00e9molitions des structures palestiniennes\u00a0\u00bb, \u00e9crivent les parlementaires, dont le d\u00e9put\u00e9 britannique Jeremy Corbyn, ancien chef du parti travailliste, et Jean-Luc M\u00e9lenchon, chef de file de La France insoumise.<span class=\"Apple-converted-space\">\u00a0<\/span><\/span><\/p>\n<p class=\"p2 c6\">\u00a0<\/p>\n<p class=\"p3 c7\"><span class=\"c3\"><strong>\u00ab\u00a0Le plus grand nombre<span class=\"Apple-converted-space\">\u00a0<\/span><\/strong><\/span><\/p>\n<p class=\"p3 c7\"><span class=\"c3\"><strong>de d\u00e9molitions\u00a0\u00bb en 2020<span class=\"Apple-converted-space\">\u00a0<\/span><\/strong><\/span><\/p>\n<p class=\"p1 c5\"><span class=\"c3\">\u00ab\u00a0Malgr\u00e9 la pand\u00e9mie de coronavirus, l&rsquo;ann\u00e9e derni\u00e8re a enregistr\u00e9 le plus grand nombre de d\u00e9molitions de maisons et structures palestiniennes en quatre ans\u00a0\u00bb, poursuivent-ils.<\/span><\/p>\n<p class=\"p1 c5\"><span class=\"c3\">Jeudi, plusieurs chancelleries europ\u00e9ennes avaient demand\u00e9 \u00e0 Isra\u00ebl de restituer les \u00e9quipements donn\u00e9s par leurs pays et confisqu\u00e9s aux b\u00e9douins de Hamsa al-Baqa, un hameau du nord de la vall\u00e9e du Jourdain consid\u00e9r\u00e9 comme \u00ab\u00a0ill\u00e9gal\u00a0\u00bb par l&rsquo;Etat isra\u00e9lien.<\/span><\/p>\n<p class=\"p1 c5\"><span class=\"c3\">L&rsquo;arm\u00e9e isra\u00e9lienne occupe depuis 1967 la Cisjordanie et Al Qosa-Est, o\u00f9 vivent aujourd&rsquo;hui environ 3,1 millions de Palestiniens et plus de 675 000 Isra\u00e9liens dans des colonies jug\u00e9es ill\u00e9gales par le droit international.<\/span><\/p>\n<p class=\"p2 c6\">\u00a0<\/p>\n<p class=\"p3 c7\"><span class=\"c3\"><strong>Netanyahu accuse l\u2019Iran de cibler<\/strong><\/span><\/p>\n<p class=\"p3 c7\"><span class=\"c3\"><strong><span class=\"Apple-converted-space\">\u00a0<\/span>un navire isra\u00e9lien<\/strong><\/span><\/p>\n<p class=\"p1 c5\"><span class=\"c3\">Le Premier ministre isra\u00e9lien Benjamin Netanyahu a accus\u00e9 hier l\u2019Iran d\u2019\u00eatre \u00e0 l\u2019origine de l\u2019explosion la semaine derni\u00e8re sur un navire isra\u00e9lien en mer d\u2019Oman et promis une riposte contre des int\u00e9r\u00eats iraniens \u00abpartout dans la r\u00e9gion\u00bb.<\/span><\/p>\n<p class=\"p1 c5\"><span class=\"c3\">Le MV Helios Ray, un bateau isra\u00e9lien transportant des v\u00e9hicules, effectuait le trajet entre la ville saoudienne de Dammam et Singapour, au moment de l\u2019explosion qui a eu lieu au large du sultanat d\u2019Oman, selon Dryad Global, une soci\u00e9t\u00e9 sp\u00e9cialis\u00e9e dans la s\u00e9curit\u00e9 maritime.<\/span><\/p>\n<p class=\"p1 c5\"><span class=\"c3\">La mer d\u2019Oman est situ\u00e9e entre l\u2019Iran et Oman, \u00e0 la sortie du strat\u00e9gique d\u00e9troit d\u2019Ormuz par lequel transite une grande partie du p\u00e9trole mondial et o\u00f9 op\u00e8re une coalition dirig\u00e9e par les Etats-Unis.<\/span><\/p>\n<p class=\"p1 c5\"><span class=\"c3\">\u00abIl est clair que c\u2019est un acte iranien. Et pour ce qui est de ma riposte, vous connaissez ma politique. L\u2019Iran est le plus grand ennemi d\u2019Isra\u00ebl et je suis d\u00e9termin\u00e9 \u00e0 l\u2019arr\u00eater et nous allons le frapper partout dans la r\u00e9gion\u00bb, a d\u00e9clar\u00e9 Benjamin Netanyahu lors d\u2019une interview \u00e0 la radio.<\/span><\/p>\n<p class=\"p1 c4\">\u00a0<\/p>\n<p class=\"p1 c5\"><span class=\"c3\">\u00abPlus important encore, l\u2019Iran n\u2019aura pas l\u2019arme nucl\u00e9aire que ce soit, dans un accord ou sans accord. C\u2019est ce que j\u2019ai dit \u00e0 mon ami, le pr\u00e9sident (am\u00e9ricain Joe) Biden\u00bb, a ajout\u00e9 le chef du gouvernement isra\u00e9lien, actuellement en campagne pour les l\u00e9gislatives du 23 mars.<\/span><\/p>\n<p>Auteur: letemps1<br \/>\n<a href=\"http:\/\/www.letemps.com.tn\/article\/119532\/plus-de-400-parlementaires-europ%C3%A9ens-appellent-%C3%A0-la-mobilisation\">Cliquez ici pour lire l&rsquo;article depuis sa source.<\/a><\/p>\n","protected":false},"excerpt":{"rendered":"<p>Le Temps- Agences- D\u00e9non\u00e7ant une \u00ab\u00a0annexion de facto\u00a0\u00bb de la Cisjordanie par Isra\u00ebl, plus de 400 parlementaires europ\u00e9ens ont appel\u00e9, hier, leurs pays \u00e0 profiter de l&rsquo;arriv\u00e9e de Joe Biden \u00e0 Washington pour se mobiliser contre la colonisation des Territoires palestiniens occup\u00e9s. Sur l&rsquo;initiative de plusieurs anciens responsables isra\u00e9liens, 442 d\u00e9put\u00e9s et s\u00e9nateurs d&rsquo;une vingtaine [&hellip;]<\/p>\n","protected":false},"author":1773,"featured_media":0,"comment_status":"closed","ping_status":"closed","sticky":false,"template":"","format":"standard","meta":{"fifu_image_url":"","fifu_image_alt":"","footnotes":""},"categories":[73,55],"tags":[],"class_list":["post-112319","post","type-post","status-publish","format-standard","hentry","category-actualite","category-tunisie"],"_links":{"self":[{"href":"https:\/\/linitiative.ca\/International\/wp-json\/wp\/v2\/posts\/112319","targetHints":{"allow":["GET"]}}],"collection":[{"href":"https:\/\/linitiative.ca\/International\/wp-json\/wp\/v2\/posts"}],"about":[{"href":"https:\/\/linitiative.ca\/International\/wp-json\/wp\/v2\/types\/post"}],"author":[{"embeddable":true,"href":"https:\/\/linitiative.ca\/International\/wp-json\/wp\/v2\/users\/1773"}],"replies":[{"embeddable":true,"href":"https:\/\/linitiative.ca\/International\/wp-json\/wp\/v2\/comments?post=112319"}],"version-history":[{"count":0,"href":"https:\/\/linitiative.ca\/International\/wp-json\/wp\/v2\/posts\/112319\/revisions"}],"wp:attachment":[{"href":"https:\/\/linitiative.ca\/International\/wp-json\/wp\/v2\/media?parent=112319"}],"wp:term":[{"taxonomy":"category","embeddable":true,"href":"https:\/\/linitiative.ca\/International\/wp-json\/wp\/v2\/categories?post=112319"},{"taxonomy":"post_tag","embeddable":true,"href":"https:\/\/linitiative.ca\/International\/wp-json\/wp\/v2\/tags?post=112319"}],"curies":[{"name":"wp","href":"https:\/\/api.w.org\/{rel}","templated":true}]}}