{"id":112320,"date":"2021-03-02T10:30:00","date_gmt":"2021-03-02T15:30:00","guid":{"rendered":"https:\/\/linitiative.ca\/International\/menace-dune-famine-a-grande-echelle-au-yemen\/"},"modified":"2021-03-02T10:30:00","modified_gmt":"2021-03-02T15:30:00","slug":"menace-dune-famine-a-grande-echelle-au-yemen","status":"publish","type":"post","link":"https:\/\/linitiative.ca\/International\/menace-dune-famine-a-grande-echelle-au-yemen\/","title":{"rendered":"Menace d&rsquo;une famine  \u00e0 grande \u00e9chelle au Y\u00e9men"},"content":{"rendered":"<p class=\"p1 c4\"><span class=\"c3\"><span class=\"s1 c2\">Le Temps- Agences-<\/span> <strong>La guerre au Y\u00e9men a d\u00e9j\u00e0 tu\u00e9 des dizaines de milliers de personnes. L\u2019ONU tire aujourd&rsquo;hui la sonnette d\u2019alarme sur la menace d\u2019une famine \u00e0 grande \u00e9chelle. Plus de 100 gouvernements et donateurs particuliers participent \u00e0 une r\u00e9union virtuelle co-organis\u00e9e par la Su\u00e8de et la Suisse hier.<\/strong><\/span><\/p>\n<p class=\"p1 c5\"><span class=\"c3\">Euronews s\u2019est entretenu avec le secr\u00e9taire g\u00e9n\u00e9ral du Conseil norv\u00e9gien pour les r\u00e9fugi\u00e9s. Il s\u2019est rendu dans le pays.<\/span><\/p>\n<p class=\"p1 c5\"><span class=\"c3\">\u00ab\u00a0J\u2019ai rencontr\u00e9 des m\u00e8res avec des b\u00e9b\u00e9s squelettiques. Elles m\u2019ont dit que depuis que les rations de nourriture ont \u00e9t\u00e9 diminu\u00e9es de moiti\u00e9 l\u2019ann\u00e9e derni\u00e8re elles ne pouvaient plus allaiter. __16 millions de personnes ont besoin d\u2019aide alimentaire au Y\u00e9men. Il s\u2019agit de la plus grande communaut\u00e9 du monde dans le besoin. Si la conf\u00e9rence des donateurs ne r\u00e9ussit pas maintenant il y aura une famine comme le monde n\u2019en a pas connu depuis celle des ann\u00e9es 80 en Ethiopie et au Sahel. La guerre n\u2019est pas termin\u00e9e, le conflit doit se terminer, il y a encore 40 lignes de conflit dans le pays. Et nous avons aussi besoin de plus de fonds des pays du Golf, d\u2019Europe, d\u2019Am\u00e9rique du Nord, du Japon, de tous les pays donateurs\u00a0\u00bb, explique Jan Egeland, le secr\u00e9taire g\u00e9n\u00e9ral du Conseil norv\u00e9gien pour les r\u00e9fugi\u00e9s.<\/span><\/p>\n<p class=\"p2 c6\">\u00a0<\/p>\n<p class=\"p3 c7\"><span class=\"c3\"><strong>Relancer le dialogue politique<\/strong><\/span><\/p>\n<p class=\"p1 c5\"><span class=\"c3\">Les Nations Unis esp\u00e8rent lever plus de 3 milliards et demi de dollars des pays donateurs pour pr\u00e9venir une famine \u00e0 grande \u00e9chelle, apr\u00e8s avoir manqu\u00e9 de la moiti\u00e9 des fonds n\u00e9cessaires l&rsquo;ann\u00e9e derni\u00e8re.<\/span><\/p>\n<p class=\"p1 c5\"><span class=\"c3\">Par ailleurs, la conf\u00e9rence intervient \u00e0 un moment o\u00f9 les Etats-Unis cherchent \u00e0 relancer le dialogue politique pour r\u00e9soudre le conflit.<\/span><\/p>\n<p class=\"p1 c4\">\u00a0<\/p>\n<p class=\"p1 c5\"><span class=\"c3\">\u00ab\u00a0Parmi les quelques bonnes nouvelles r\u00e9centes, l\u2019administration Biden a non seulement retir\u00e9 les rebelles Houthis de la liste des \u00ab\u00a0organisations terroristes\u00a0\u00bb, les Houthis qui contr\u00f4lent 75% de la population ici, mais aussi cess\u00e9 de soutenir l\u2019intervention militaire de la coalition et se disent faire pression pour la paix et les n\u00e9gociations\u00a0\u00bb, d\u00e9taille Jan Egeland.<\/span><\/p>\n<p>Auteur: letemps1<br \/>\n<a href=\"http:\/\/www.letemps.com.tn\/article\/119533\/menace-dune-famine-%C3%A0-grande-%C3%A9chelle-au-y%C3%A9men\">Cliquez ici pour lire l&rsquo;article depuis sa source.<\/a><\/p>\n","protected":false},"excerpt":{"rendered":"<p>Le Temps- Agences- La guerre au Y\u00e9men a d\u00e9j\u00e0 tu\u00e9 des dizaines de milliers de personnes. L\u2019ONU tire aujourd&rsquo;hui la sonnette d\u2019alarme sur la menace d\u2019une famine \u00e0 grande \u00e9chelle. Plus de 100 gouvernements et donateurs particuliers participent \u00e0 une r\u00e9union virtuelle co-organis\u00e9e par la Su\u00e8de et la Suisse hier. Euronews s\u2019est entretenu avec le [&hellip;]<\/p>\n","protected":false},"author":1773,"featured_media":0,"comment_status":"closed","ping_status":"closed","sticky":false,"template":"","format":"standard","meta":{"fifu_image_url":"","fifu_image_alt":"","footnotes":""},"categories":[73,55],"tags":[],"class_list":["post-112320","post","type-post","status-publish","format-standard","hentry","category-actualite","category-tunisie"],"_links":{"self":[{"href":"https:\/\/linitiative.ca\/International\/wp-json\/wp\/v2\/posts\/112320","targetHints":{"allow":["GET"]}}],"collection":[{"href":"https:\/\/linitiative.ca\/International\/wp-json\/wp\/v2\/posts"}],"about":[{"href":"https:\/\/linitiative.ca\/International\/wp-json\/wp\/v2\/types\/post"}],"author":[{"embeddable":true,"href":"https:\/\/linitiative.ca\/International\/wp-json\/wp\/v2\/users\/1773"}],"replies":[{"embeddable":true,"href":"https:\/\/linitiative.ca\/International\/wp-json\/wp\/v2\/comments?post=112320"}],"version-history":[{"count":0,"href":"https:\/\/linitiative.ca\/International\/wp-json\/wp\/v2\/posts\/112320\/revisions"}],"wp:attachment":[{"href":"https:\/\/linitiative.ca\/International\/wp-json\/wp\/v2\/media?parent=112320"}],"wp:term":[{"taxonomy":"category","embeddable":true,"href":"https:\/\/linitiative.ca\/International\/wp-json\/wp\/v2\/categories?post=112320"},{"taxonomy":"post_tag","embeddable":true,"href":"https:\/\/linitiative.ca\/International\/wp-json\/wp\/v2\/tags?post=112320"}],"curies":[{"name":"wp","href":"https:\/\/api.w.org\/{rel}","templated":true}]}}