{"id":112321,"date":"2021-03-02T10:30:00","date_gmt":"2021-03-02T15:30:00","guid":{"rendered":"https:\/\/linitiative.ca\/International\/les-manifestations-anti-junte-en-birmanie\/"},"modified":"2021-03-02T10:30:00","modified_gmt":"2021-03-02T15:30:00","slug":"les-manifestations-anti-junte-en-birmanie","status":"publish","type":"post","link":"https:\/\/linitiative.ca\/International\/les-manifestations-anti-junte-en-birmanie\/","title":{"rendered":"Les manifestations anti-junte en Birmanie"},"content":{"rendered":"<p class=\"p1 c4\"><span class=\"c3\"><strong><span class=\"s1 c2\">Le Temps- Agences-<\/span> L&rsquo;ex-dirigeante birmane Aung San Suu Kyi, renvers\u00e9e par un coup d&rsquo;Etat le mois dernier, a comparu hier devant un tribunal pour deux nouveaux chefs d&rsquo;accusation, a d\u00e9clar\u00e9 son avocat Min Min Soe, alors que la contestation se poursuit dans la rue au lendemain d&rsquo;une journ\u00e9e de violence.<\/strong><\/span><\/p>\n<p class=\"p1 c5\"><span class=\"c3\">Aung San Suu Kyi, 75 ans, initialement accus\u00e9e d&rsquo;avoir import\u00e9 ill\u00e9galement six talkies-walkies et d&rsquo;avoir viol\u00e9 les r\u00e8gles mises en place pour lutter contre l&rsquo;\u00e9pid\u00e9mie de coronavirus, avait, selon son avocat, l&rsquo;air en bonne sant\u00e9 au cours de cette audience qui s&rsquo;est tenue par visioconf\u00e9rence \u00e0 Naypyitaw, la capitale.<\/span><\/p>\n<p class=\"p1 c5\"><span class=\"c3\">Ce dernier a cependant pr\u00e9cis\u00e9 qu&rsquo;elle semblait avoir perdu du poids. Elle a \u00e9galement demand\u00e9 \u00e0 voir ses avocats, a-t-il dit \u00e0 Reuters.<\/span><\/p>\n<p class=\"p1 c5\"><span class=\"c3\">L&rsquo;une des deux nouvelles accusations dont Aung San Suu Kyi fait face est li\u00e9e \u00e0 un article du code p\u00e9nal de l&rsquo;\u00e9poque coloniale qui interdit la publication d&rsquo;informations susceptibles de \u00ab\u00a0provoquer la peur ou l&rsquo;alerte\u00a0\u00bb ou de troubler \u00ab\u00a0l&rsquo;ordre public\u00a0\u00bb, a expliqu\u00e9 son avocat.<\/span><\/p>\n<p class=\"p1 c5\"><span class=\"c3\">L&rsquo;autre chef d&rsquo;accusation porte sur une loi sur les t\u00e9l\u00e9communications qui requiert une licence, a-t-il ajout\u00e9.<\/span><\/p>\n<p class=\"p1 c5\"><span class=\"c3\">La prochaine audience est pr\u00e9vue le 15 mars.<\/span><\/p>\n<p class=\"p1 c5\"><span class=\"c3\">Au moment o\u00f9 Aung San Suu Kyi comparaissait, \u00e0 Rangoun, la capitale \u00e9conomique, la police faisait usage de grenades assourdissantes et de gaz lacrymog\u00e8nes contre des manifestants, ont racont\u00e9 des t\u00e9moins, au lendemain de la journ\u00e9e la plus sanglante depuis le d\u00e9but du mouvement de contestation contre le coup d&rsquo;Etat.<\/span><\/p>\n<p class=\"p1 c5\"><span class=\"c3\">Aucun bless\u00e9 n&rsquo;a \u00e9t\u00e9 signal\u00e9 dans l&rsquo;imm\u00e9diat, mais la veille, les forces de s\u00e9curit\u00e9 birmanes ont tir\u00e9 sur des manifestants, faisant au moins 18 morts.<\/span><\/p>\n<p class=\"p1 c5\"><span class=\"c3\">Des manifestants ont \u00e9galement d\u00e9fil\u00e9 dans la ville de Kale, dans le nord-ouest du pays, brandissant des photos d&rsquo;Aung San Suu Kyi et scandant \u00ab\u00a0la d\u00e9mocratie, notre cause, notre cause\u00a0\u00bb.<\/span><\/p>\n<p class=\"p1 c4\">\u00a0<\/p>\n<p class=\"p1 c5\"><span class=\"c3\">Dans la ville de Lashio, dans le nord-est, un groupe de manifestants portant des casques de s\u00e9curit\u00e9 faisait face \u00e0 la police, selon une vid\u00e9o diffus\u00e9e en direct sur Facebook.<\/span><\/p>\n<p>Auteur: letemps1<br \/>\n<a href=\"http:\/\/www.letemps.com.tn\/article\/119534\/les-manifestations-anti-junte-en-birmanie\">Cliquez ici pour lire l&rsquo;article depuis sa source.<\/a><\/p>\n","protected":false},"excerpt":{"rendered":"<p>Le Temps- Agences- L&rsquo;ex-dirigeante birmane Aung San Suu Kyi, renvers\u00e9e par un coup d&rsquo;Etat le mois dernier, a comparu hier devant un tribunal pour deux nouveaux chefs d&rsquo;accusation, a d\u00e9clar\u00e9 son avocat Min Min Soe, alors que la contestation se poursuit dans la rue au lendemain d&rsquo;une journ\u00e9e de violence. Aung San Suu Kyi, 75 [&hellip;]<\/p>\n","protected":false},"author":1773,"featured_media":0,"comment_status":"closed","ping_status":"closed","sticky":false,"template":"","format":"standard","meta":{"fifu_image_url":"","fifu_image_alt":"","footnotes":""},"categories":[73,55],"tags":[],"class_list":["post-112321","post","type-post","status-publish","format-standard","hentry","category-actualite","category-tunisie"],"_links":{"self":[{"href":"https:\/\/linitiative.ca\/International\/wp-json\/wp\/v2\/posts\/112321","targetHints":{"allow":["GET"]}}],"collection":[{"href":"https:\/\/linitiative.ca\/International\/wp-json\/wp\/v2\/posts"}],"about":[{"href":"https:\/\/linitiative.ca\/International\/wp-json\/wp\/v2\/types\/post"}],"author":[{"embeddable":true,"href":"https:\/\/linitiative.ca\/International\/wp-json\/wp\/v2\/users\/1773"}],"replies":[{"embeddable":true,"href":"https:\/\/linitiative.ca\/International\/wp-json\/wp\/v2\/comments?post=112321"}],"version-history":[{"count":0,"href":"https:\/\/linitiative.ca\/International\/wp-json\/wp\/v2\/posts\/112321\/revisions"}],"wp:attachment":[{"href":"https:\/\/linitiative.ca\/International\/wp-json\/wp\/v2\/media?parent=112321"}],"wp:term":[{"taxonomy":"category","embeddable":true,"href":"https:\/\/linitiative.ca\/International\/wp-json\/wp\/v2\/categories?post=112321"},{"taxonomy":"post_tag","embeddable":true,"href":"https:\/\/linitiative.ca\/International\/wp-json\/wp\/v2\/tags?post=112321"}],"curies":[{"name":"wp","href":"https:\/\/api.w.org\/{rel}","templated":true}]}}