{"id":112322,"date":"2021-03-02T10:30:00","date_gmt":"2021-03-02T15:30:00","guid":{"rendered":"https:\/\/linitiative.ca\/International\/des-militants-pro-democratie-inculpes-a-hong-kong\/"},"modified":"2021-03-02T10:30:00","modified_gmt":"2021-03-02T15:30:00","slug":"des-militants-pro-democratie-inculpes-a-hong-kong","status":"publish","type":"post","link":"https:\/\/linitiative.ca\/International\/des-militants-pro-democratie-inculpes-a-hong-kong\/","title":{"rendered":"Des militants pro-d\u00e9mocratie inculp\u00e9s \u00e0 Hong Kong"},"content":{"rendered":"<p class=\"p1 c4\"><span class=\"c3\"><strong><span class=\"s1 c2\">Le Temps- Agences-<\/span> Environ un millier de personnes se sont rassembl\u00e9es hier devant un tribunal de Hong Kong avant l&rsquo;audience de 47 militants pro-d\u00e9mocratie inculp\u00e9s de conspiration en vue de commettre un acte subversif, sur fond de r\u00e9pression accrue de l&rsquo;opposition men\u00e9e par les autorit\u00e9s en vertu de la loi de s\u00e9curit\u00e9 nationale.<\/strong><\/span><\/p>\n<p class=\"p1 c5\"><span class=\"c3\">Les militants sont accus\u00e9s d&rsquo;avoir organis\u00e9 et particip\u00e9 \u00e0 des \u00ab\u00a0primaires\u00a0\u00bb officieuses en juillet dernier dans le but de d\u00e9signer les candidats pro-d\u00e9mocratie pour les \u00e9lections l\u00e9gislatives, lesquelles ont \u00e9t\u00e9 report\u00e9es par le gouvernement qui a cit\u00e9 la crise sanitaire du coronavirus.<\/span><\/p>\n<p class=\"p1 c5\"><span class=\"c3\">Ils ont \u00e9t\u00e9 inculp\u00e9s en vertu de la loi de s\u00e9curit\u00e9 nationale adopt\u00e9e l&rsquo;an dernier, qui punit ce que la Chine d\u00e9finit de mani\u00e8re tr\u00e8s large comme des actes de subversion, de s\u00e9cession, de terrorisme et toute collusion avec des puissances \u00e9trang\u00e8res.<\/span><\/p>\n<p class=\"p1 c5\"><span class=\"c3\">La s\u00e9curit\u00e9 \u00e9tait renforc\u00e9e hier matin devant le tribunal de Kowloon Ouest, avec plus de 100 policiers d\u00e9ploy\u00e9s alors que des soutiens des militants affluaient dans ce qui constituait l&rsquo;un des plus importants rassemblements depuis le d\u00e9but de l&rsquo;\u00e9pid\u00e9mie de coronavirus.<\/span><\/p>\n<p class=\"p1 c5\"><span class=\"c3\">Une longue file d&rsquo;attente, s&rsquo;\u00e9tirant sur plusieurs centaines de m\u00e8tres, s&rsquo;\u00e9tait form\u00e9e devant l&rsquo;entr\u00e9e du b\u00e2timent. Plusieurs diplomates \u00e9trangers se trouvaient parmi la foule.<\/span><\/p>\n<p class=\"p1 c5\"><span class=\"c3\">Certains scandaient des slogans populaires lors des manifestations antigouvernementales de 2019 dans la r\u00e9gion administrative sp\u00e9ciale chinoise, tels \u00ab\u00a0Lib\u00e9rez Hong Kong\u00a0\u00bb et \u00ab\u00a0Battons-nous pour les libert\u00e9s\u00a0\u00bb.<\/span><\/p>\n<p class=\"p1 c5\"><span class=\"c3\">Par le pass\u00e9, les autorit\u00e9s ont indiqu\u00e9 que faire campagne pour obtenir la majorit\u00e9 au Conseil l\u00e9gislatif &#8211; le parlement local compos\u00e9 de 70 si\u00e8ges &#8211; dans le but de bloquer des propositions du gouvernement et faire pression pour des r\u00e9formes d\u00e9mocratiques pouvait \u00eatre consid\u00e9r\u00e9 comme un acte subversif.<\/span><\/p>\n<p class=\"p1 c4\">\u00a0<\/p>\n<p class=\"p1 c5\"><span class=\"c3\">L&rsquo;affaire marque un nouveau revers pour le mouvement pro-d\u00e9mocratie, alors que plusieurs \u00e9lus ont \u00e9t\u00e9 disqualifi\u00e9s et de nombreux activistes arr\u00eat\u00e9s depuis l&rsquo;entr\u00e9e en vigueur de la loi de s\u00e9curit\u00e9 nationale en juin dernier, tandis que d&rsquo;autres militants ont fui \u00e0 l&rsquo;\u00e9tranger.<\/span><\/p>\n<p>Auteur: letemps1<br \/>\n<a href=\"http:\/\/www.letemps.com.tn\/article\/119535\/des-militants-pro-d%C3%A9mocratie-inculp%C3%A9s-%C3%A0-hong-kong\">Cliquez ici pour lire l&rsquo;article depuis sa source.<\/a><\/p>\n","protected":false},"excerpt":{"rendered":"<p>Le Temps- Agences- Environ un millier de personnes se sont rassembl\u00e9es hier devant un tribunal de Hong Kong avant l&rsquo;audience de 47 militants pro-d\u00e9mocratie inculp\u00e9s de conspiration en vue de commettre un acte subversif, sur fond de r\u00e9pression accrue de l&rsquo;opposition men\u00e9e par les autorit\u00e9s en vertu de la loi de s\u00e9curit\u00e9 nationale. Les militants [&hellip;]<\/p>\n","protected":false},"author":1773,"featured_media":0,"comment_status":"closed","ping_status":"closed","sticky":false,"template":"","format":"standard","meta":{"fifu_image_url":"","fifu_image_alt":"","footnotes":""},"categories":[73,55],"tags":[],"class_list":["post-112322","post","type-post","status-publish","format-standard","hentry","category-actualite","category-tunisie"],"_links":{"self":[{"href":"https:\/\/linitiative.ca\/International\/wp-json\/wp\/v2\/posts\/112322","targetHints":{"allow":["GET"]}}],"collection":[{"href":"https:\/\/linitiative.ca\/International\/wp-json\/wp\/v2\/posts"}],"about":[{"href":"https:\/\/linitiative.ca\/International\/wp-json\/wp\/v2\/types\/post"}],"author":[{"embeddable":true,"href":"https:\/\/linitiative.ca\/International\/wp-json\/wp\/v2\/users\/1773"}],"replies":[{"embeddable":true,"href":"https:\/\/linitiative.ca\/International\/wp-json\/wp\/v2\/comments?post=112322"}],"version-history":[{"count":0,"href":"https:\/\/linitiative.ca\/International\/wp-json\/wp\/v2\/posts\/112322\/revisions"}],"wp:attachment":[{"href":"https:\/\/linitiative.ca\/International\/wp-json\/wp\/v2\/media?parent=112322"}],"wp:term":[{"taxonomy":"category","embeddable":true,"href":"https:\/\/linitiative.ca\/International\/wp-json\/wp\/v2\/categories?post=112322"},{"taxonomy":"post_tag","embeddable":true,"href":"https:\/\/linitiative.ca\/International\/wp-json\/wp\/v2\/tags?post=112322"}],"curies":[{"name":"wp","href":"https:\/\/api.w.org\/{rel}","templated":true}]}}