{"id":112323,"date":"2021-03-02T15:14:05","date_gmt":"2021-03-02T20:14:05","guid":{"rendered":"https:\/\/linitiative.ca\/International\/pros-le-milan-ac-songerait-a-vendre-bennacer-lete-prochain\/"},"modified":"2021-03-02T15:14:05","modified_gmt":"2021-03-02T20:14:05","slug":"pros-le-milan-ac-songerait-a-vendre-bennacer-lete-prochain","status":"publish","type":"post","link":"https:\/\/linitiative.ca\/International\/pros-le-milan-ac-songerait-a-vendre-bennacer-lete-prochain\/","title":{"rendered":"Pros : Le Milan AC songerait \u00e0 vendre Bennacer l\u2019\u00e9t\u00e9 prochain"},"content":{"rendered":"<div readability=\"32\">\n<p>Auteur : <span>Riad O.<\/span> <span class=\"time\">mardi 02 mars 2021 16:24<\/span><\/p>\n<\/div>\n<div id=\"post_core\" readability=\"38\">\n<p>A en croire le m\u00e9dia italien, CalcioMercato, la direction de l\u2019AC Milan songerait \u00e0 vendre son joueur Alg\u00e9rien, Isma\u00ebl Bennacer lors du prochain mercato estival. La m\u00eame source a ajout\u00e9 que le club lombard pourrait laisser partir Bennacer en cas d\u2019offre\u00a0 int\u00e9ressante de la part des clubs int\u00e9ress\u00e9s par ses services. Rappelons que plusieurs cadors europ\u00e9ens ont affich\u00e9 leur int\u00e9r\u00eat pour le joueur milieu de terrain de l\u2019EN.<\/p>\n<p><span class=\"c1\"><strong>Riad O.<\/strong><\/span><\/p>\n<p><strong>Publi\u00e9 dans :<\/strong> <span>BENNACER<\/span><\/p>\n<\/div>\n<p>Auteur:<br \/>\n<a href=\"http:\/\/www.lebuteur.com\/article\/detail?titre=le-milan-ac-songerait-a-vendre-bennacer-lete-prochain&#038;id=99254&#038;utm_source=feedburner&#038;utm_medium=feed&#038;utm_campaign=Feed%3A+GalerieFArtciles+%28Les+derniers+articles++-+lebuteur.com%29\">Cliquez ici pour lire l&rsquo;article depuis sa source.<\/a><\/p>\n","protected":false},"excerpt":{"rendered":"<p>Auteur : Riad O. mardi 02 mars 2021 16:24 A en croire le m\u00e9dia italien, CalcioMercato, la direction de l\u2019AC Milan songerait \u00e0 vendre son joueur Alg\u00e9rien, Isma\u00ebl Bennacer lors du prochain mercato estival. La m\u00eame source a ajout\u00e9 que le club lombard pourrait laisser partir Bennacer en cas d\u2019offre\u00a0 int\u00e9ressante de la part des [&hellip;]<\/p>\n","protected":false},"author":1738,"featured_media":0,"comment_status":"closed","ping_status":"closed","sticky":false,"template":"","format":"standard","meta":{"fifu_image_url":"\/\/cdn.lebuteur.com\/data\/images\/article\/thumbs\/large-le-milan-ac-songerait-a-vendre-bennacer-lete-prochain-466be.jpg","fifu_image_alt":"Pros : Le Milan AC songerait \u00e0 vendre Bennacer l\u2019\u00e9t\u00e9 prochain","footnotes":""},"categories":[53,75],"tags":[],"class_list":["post-112323","post","type-post","status-publish","format-standard","hentry","category-algerie","category-sport"],"_links":{"self":[{"href":"https:\/\/linitiative.ca\/International\/wp-json\/wp\/v2\/posts\/112323","targetHints":{"allow":["GET"]}}],"collection":[{"href":"https:\/\/linitiative.ca\/International\/wp-json\/wp\/v2\/posts"}],"about":[{"href":"https:\/\/linitiative.ca\/International\/wp-json\/wp\/v2\/types\/post"}],"author":[{"embeddable":true,"href":"https:\/\/linitiative.ca\/International\/wp-json\/wp\/v2\/users\/1738"}],"replies":[{"embeddable":true,"href":"https:\/\/linitiative.ca\/International\/wp-json\/wp\/v2\/comments?post=112323"}],"version-history":[{"count":0,"href":"https:\/\/linitiative.ca\/International\/wp-json\/wp\/v2\/posts\/112323\/revisions"}],"wp:attachment":[{"href":"https:\/\/linitiative.ca\/International\/wp-json\/wp\/v2\/media?parent=112323"}],"wp:term":[{"taxonomy":"category","embeddable":true,"href":"https:\/\/linitiative.ca\/International\/wp-json\/wp\/v2\/categories?post=112323"},{"taxonomy":"post_tag","embeddable":true,"href":"https:\/\/linitiative.ca\/International\/wp-json\/wp\/v2\/tags?post=112323"}],"curies":[{"name":"wp","href":"https:\/\/api.w.org\/{rel}","templated":true}]}}