{"id":112324,"date":"2021-03-02T15:14:06","date_gmt":"2021-03-02T20:14:06","guid":{"rendered":"https:\/\/linitiative.ca\/International\/pros-real-betis-la-prolongation-de-mandi-en-bonne-voie\/"},"modified":"2021-03-02T15:14:06","modified_gmt":"2021-03-02T20:14:06","slug":"pros-real-betis-la-prolongation-de-mandi-en-bonne-voie","status":"publish","type":"post","link":"https:\/\/linitiative.ca\/International\/pros-real-betis-la-prolongation-de-mandi-en-bonne-voie\/","title":{"rendered":"Pros : Real B\u00e9tis: La prolongation de Mandi en bonne voie"},"content":{"rendered":"<div readability=\"32\">\n<p>Auteur : <span>Riad O.<\/span> <span class=\"time\">mardi 02 mars 2021 16:25<\/span><\/p>\n<\/div>\n<div id=\"post_core\" readability=\"41\">\n<p>A en croire le m\u00e9dia espagnol, Estadio Deportivo, la direction du Real B\u00e9tis va, de nouveau, se r\u00e9unir avec son joueur Alg\u00e9rien, Aissa Mandi afin de prolonger son contrat. La m\u00eame source a expliqu\u00e9 que les deux parties ont convenu de\u00a0 se rencontrer au mois d\u2019avril prochain.\u00a0 Convoit\u00e9 par plusieurs clubs, Mandi serait favorable \u00e0 l\u2019id\u00e9e de poursuivre son aventure avec le Real B\u00e9tis.<\/p>\n<p><span class=\"c1\"><strong>Riad O.<\/strong><\/span><\/p>\n<p><strong>Publi\u00e9 dans :<\/strong> <span>Mandi<\/span><\/p>\n<\/div>\n<p>Auteur:<br \/>\n<a href=\"http:\/\/www.lebuteur.com\/article\/detail?titre=real-betis-la-prolongation-de-mandi-en-bonne-voie&#038;id=99255&#038;utm_source=feedburner&#038;utm_medium=feed&#038;utm_campaign=Feed%3A+GalerieFArtciles+%28Les+derniers+articles++-+lebuteur.com%29\">Cliquez ici pour lire l&rsquo;article depuis sa source.<\/a><\/p>\n","protected":false},"excerpt":{"rendered":"<p>Auteur : Riad O. mardi 02 mars 2021 16:25 A en croire le m\u00e9dia espagnol, Estadio Deportivo, la direction du Real B\u00e9tis va, de nouveau, se r\u00e9unir avec son joueur Alg\u00e9rien, Aissa Mandi afin de prolonger son contrat. La m\u00eame source a expliqu\u00e9 que les deux parties ont convenu de\u00a0 se rencontrer au mois d\u2019avril [&hellip;]<\/p>\n","protected":false},"author":1738,"featured_media":0,"comment_status":"closed","ping_status":"closed","sticky":false,"template":"","format":"standard","meta":{"fifu_image_url":"\/\/cdn.lebuteur.com\/data\/images\/article\/thumbs\/large-real-betis-la-prolongation-de-mandi-en-bonne-voie-9b357.jpg","fifu_image_alt":"Pros : Real B\u00e9tis: La prolongation de Mandi en bonne voie","footnotes":""},"categories":[53,75],"tags":[],"class_list":["post-112324","post","type-post","status-publish","format-standard","hentry","category-algerie","category-sport"],"_links":{"self":[{"href":"https:\/\/linitiative.ca\/International\/wp-json\/wp\/v2\/posts\/112324","targetHints":{"allow":["GET"]}}],"collection":[{"href":"https:\/\/linitiative.ca\/International\/wp-json\/wp\/v2\/posts"}],"about":[{"href":"https:\/\/linitiative.ca\/International\/wp-json\/wp\/v2\/types\/post"}],"author":[{"embeddable":true,"href":"https:\/\/linitiative.ca\/International\/wp-json\/wp\/v2\/users\/1738"}],"replies":[{"embeddable":true,"href":"https:\/\/linitiative.ca\/International\/wp-json\/wp\/v2\/comments?post=112324"}],"version-history":[{"count":0,"href":"https:\/\/linitiative.ca\/International\/wp-json\/wp\/v2\/posts\/112324\/revisions"}],"wp:attachment":[{"href":"https:\/\/linitiative.ca\/International\/wp-json\/wp\/v2\/media?parent=112324"}],"wp:term":[{"taxonomy":"category","embeddable":true,"href":"https:\/\/linitiative.ca\/International\/wp-json\/wp\/v2\/categories?post=112324"},{"taxonomy":"post_tag","embeddable":true,"href":"https:\/\/linitiative.ca\/International\/wp-json\/wp\/v2\/tags?post=112324"}],"curies":[{"name":"wp","href":"https:\/\/api.w.org\/{rel}","templated":true}]}}