{"id":112326,"date":"2021-03-02T15:14:10","date_gmt":"2021-03-02T20:14:10","guid":{"rendered":"https:\/\/linitiative.ca\/International\/pros-on-reparle-de-mandi-a-liverpool\/"},"modified":"2021-03-02T15:14:10","modified_gmt":"2021-03-02T20:14:10","slug":"pros-on-reparle-de-mandi-a-liverpool","status":"publish","type":"post","link":"https:\/\/linitiative.ca\/International\/pros-on-reparle-de-mandi-a-liverpool\/","title":{"rendered":"Pros : On reparle de Mandi \u00e0 Liverpool !"},"content":{"rendered":"<div readability=\"32\">\n<p>Auteur : <span class=\"time\">mardi 02 mars 2021 19:09<\/span><\/p>\n<\/div>\n<div id=\"post_core\" readability=\"41\">\n<p>Selon quelques m\u00e9dis espagnols le d\u00e9fenseur central alg\u00e9rien \u00a0du Real Betis S\u00e9ville Aissa Mandi a donn\u00e9 rendez-vous \u00e0 ses dirigeants pour le mois d\u2019Avril \u00a0afin de n\u00e9gocier une \u00e9ventuelle reconduction de son contrat. Libre de tout engagement l\u2019ancien r\u00e9mois qui veut connaitre autre chose,\u00a0 int\u00e9resse Liverpool FC, rapportent des sites anglais sp\u00e9cialis\u00e9s. L&rsquo;entraineur des Reds J\u00fcrgen Klopp avait souhait\u00e9 le recruter l\u2019\u00e9t\u00e9 dernier mais ses dirigeants ont pr\u00e9f\u00e9r\u00e9 attendre \u00a0\u00a0pour \u00e9conomiser 18M\u00a3, exig\u00e9s par la direction andalouse en cette p\u00e9riode de mercato,\u00a0 sachant qu&rsquo;Aissa sera libre de choisir sa future destination \u00e0 parti du mois de janvier pass\u00e9. Selon nos informations la Premier League serait la piste privil\u00e9gi\u00e9e par Mandi.<\/p>\n<p><strong>Moumen A.<\/strong><\/p>\n<p><strong>Publi\u00e9 dans :<\/strong> <span>Aissa Mandi<\/span><\/p>\n<\/div>\n<p>Auteur:<br \/>\n<a href=\"http:\/\/www.lebuteur.com\/article\/detail?titre=on-reparle-de-mandi-a-liverpool&#038;id=99257&#038;utm_source=feedburner&#038;utm_medium=feed&#038;utm_campaign=Feed%3A+GalerieFArtciles+%28Les+derniers+articles++-+lebuteur.com%29\">Cliquez ici pour lire l&rsquo;article depuis sa source.<\/a><\/p>\n","protected":false},"excerpt":{"rendered":"<p>Auteur : mardi 02 mars 2021 19:09 Selon quelques m\u00e9dis espagnols le d\u00e9fenseur central alg\u00e9rien \u00a0du Real Betis S\u00e9ville Aissa Mandi a donn\u00e9 rendez-vous \u00e0 ses dirigeants pour le mois d\u2019Avril \u00a0afin de n\u00e9gocier une \u00e9ventuelle reconduction de son contrat. Libre de tout engagement l\u2019ancien r\u00e9mois qui veut connaitre autre chose,\u00a0 int\u00e9resse Liverpool FC, rapportent [&hellip;]<\/p>\n","protected":false},"author":1738,"featured_media":0,"comment_status":"closed","ping_status":"closed","sticky":false,"template":"","format":"standard","meta":{"fifu_image_url":"\/\/cdn.lebuteur.com\/data\/images\/article\/thumbs\/large-on-reparle-de-mandi-a-liverpool-e1676.jpg","fifu_image_alt":"Pros : On reparle de Mandi \u00e0 Liverpool !","footnotes":""},"categories":[53,75],"tags":[],"class_list":["post-112326","post","type-post","status-publish","format-standard","hentry","category-algerie","category-sport"],"_links":{"self":[{"href":"https:\/\/linitiative.ca\/International\/wp-json\/wp\/v2\/posts\/112326","targetHints":{"allow":["GET"]}}],"collection":[{"href":"https:\/\/linitiative.ca\/International\/wp-json\/wp\/v2\/posts"}],"about":[{"href":"https:\/\/linitiative.ca\/International\/wp-json\/wp\/v2\/types\/post"}],"author":[{"embeddable":true,"href":"https:\/\/linitiative.ca\/International\/wp-json\/wp\/v2\/users\/1738"}],"replies":[{"embeddable":true,"href":"https:\/\/linitiative.ca\/International\/wp-json\/wp\/v2\/comments?post=112326"}],"version-history":[{"count":0,"href":"https:\/\/linitiative.ca\/International\/wp-json\/wp\/v2\/posts\/112326\/revisions"}],"wp:attachment":[{"href":"https:\/\/linitiative.ca\/International\/wp-json\/wp\/v2\/media?parent=112326"}],"wp:term":[{"taxonomy":"category","embeddable":true,"href":"https:\/\/linitiative.ca\/International\/wp-json\/wp\/v2\/categories?post=112326"},{"taxonomy":"post_tag","embeddable":true,"href":"https:\/\/linitiative.ca\/International\/wp-json\/wp\/v2\/tags?post=112326"}],"curies":[{"name":"wp","href":"https:\/\/api.w.org\/{rel}","templated":true}]}}