{"id":112327,"date":"2021-03-02T15:14:11","date_gmt":"2021-03-02T20:14:11","guid":{"rendered":"https:\/\/linitiative.ca\/International\/pros-man-city-mahrez-titulaire-face-a-wolverhampton\/"},"modified":"2021-03-02T15:14:11","modified_gmt":"2021-03-02T20:14:11","slug":"pros-man-city-mahrez-titulaire-face-a-wolverhampton","status":"publish","type":"post","link":"https:\/\/linitiative.ca\/International\/pros-man-city-mahrez-titulaire-face-a-wolverhampton\/","title":{"rendered":"Pros : Man City : Mahrez titulaire face \u00e0 Wolverhampton"},"content":{"rendered":"<div readability=\"32\">\n<p>Auteur : <span class=\"time\">mardi 02 mars 2021 20:03<\/span><\/p>\n<\/div>\n<div id=\"post_core\" readability=\"59\">\n<p>Pour ce match, Pep Guardiola fait une nouvelle fois confiance \u00e0 Riyad Mahrez qui d\u00e9butera cette rencontre en tant que titulaire. Voici les compositions des deux \u00e9quipes :<\/p>\n<p><strong>Man City :<\/strong> Ederson, Walker, Dias, Laporte, Cancelo, Rodrigo, Bernardo, De Bruyne (C), Mahrez, Sterling, Jesus<\/p>\n<p><strong>Wolverhampton :<\/strong> Rui Patr\u00edcio; Hoever, Coady, Sa\u00efss; Semedo, Dendoncker, Moutinho, Neves, Jonny; Traor\u00e9, Neto<\/p>\n<p><strong>Publi\u00e9 dans :<\/strong> <span>Manchester City<\/span><\/p>\n<\/div>\n<p>Auteur:<br \/>\n<a href=\"http:\/\/www.lebuteur.com\/article\/detail?titre=man-city-mahrez-titulaire-face-a-wolverhampton&#038;id=99258&#038;utm_source=feedburner&#038;utm_medium=feed&#038;utm_campaign=Feed%3A+GalerieFArtciles+%28Les+derniers+articles++-+lebuteur.com%29\">Cliquez ici pour lire l&rsquo;article depuis sa source.<\/a><\/p>\n","protected":false},"excerpt":{"rendered":"<p>Auteur : mardi 02 mars 2021 20:03 Pour ce match, Pep Guardiola fait une nouvelle fois confiance \u00e0 Riyad Mahrez qui d\u00e9butera cette rencontre en tant que titulaire. Voici les compositions des deux \u00e9quipes : Man City : Ederson, Walker, Dias, Laporte, Cancelo, Rodrigo, Bernardo, De Bruyne (C), Mahrez, Sterling, Jesus Wolverhampton : Rui Patr\u00edcio; [&hellip;]<\/p>\n","protected":false},"author":1738,"featured_media":0,"comment_status":"closed","ping_status":"closed","sticky":false,"template":"","format":"standard","meta":{"fifu_image_url":"\/\/cdn.lebuteur.com\/data\/images\/article\/thumbs\/large-man-city-mahrez-titulaire-face-a-wolverhampton-97a5f.jpg","fifu_image_alt":"Pros : Man City : Mahrez titulaire face \u00e0 Wolverhampton","footnotes":""},"categories":[53,75],"tags":[],"class_list":["post-112327","post","type-post","status-publish","format-standard","hentry","category-algerie","category-sport"],"_links":{"self":[{"href":"https:\/\/linitiative.ca\/International\/wp-json\/wp\/v2\/posts\/112327","targetHints":{"allow":["GET"]}}],"collection":[{"href":"https:\/\/linitiative.ca\/International\/wp-json\/wp\/v2\/posts"}],"about":[{"href":"https:\/\/linitiative.ca\/International\/wp-json\/wp\/v2\/types\/post"}],"author":[{"embeddable":true,"href":"https:\/\/linitiative.ca\/International\/wp-json\/wp\/v2\/users\/1738"}],"replies":[{"embeddable":true,"href":"https:\/\/linitiative.ca\/International\/wp-json\/wp\/v2\/comments?post=112327"}],"version-history":[{"count":0,"href":"https:\/\/linitiative.ca\/International\/wp-json\/wp\/v2\/posts\/112327\/revisions"}],"wp:attachment":[{"href":"https:\/\/linitiative.ca\/International\/wp-json\/wp\/v2\/media?parent=112327"}],"wp:term":[{"taxonomy":"category","embeddable":true,"href":"https:\/\/linitiative.ca\/International\/wp-json\/wp\/v2\/categories?post=112327"},{"taxonomy":"post_tag","embeddable":true,"href":"https:\/\/linitiative.ca\/International\/wp-json\/wp\/v2\/tags?post=112327"}],"curies":[{"name":"wp","href":"https:\/\/api.w.org\/{rel}","templated":true}]}}