{"id":112331,"date":"2021-03-02T09:10:00","date_gmt":"2021-03-02T14:10:00","guid":{"rendered":"https:\/\/linitiative.ca\/International\/le-pr-abdelhafidh-sellami-premier-doyen-de-la-faculte-de-medecine-de-sfax-tire-sa-reverence\/"},"modified":"2021-03-02T09:10:00","modified_gmt":"2021-03-02T14:10:00","slug":"le-pr-abdelhafidh-sellami-premier-doyen-de-la-faculte-de-medecine-de-sfax-tire-sa-reverence","status":"publish","type":"post","link":"https:\/\/linitiative.ca\/International\/le-pr-abdelhafidh-sellami-premier-doyen-de-la-faculte-de-medecine-de-sfax-tire-sa-reverence\/","title":{"rendered":"Le Pr Abdelhafidh Sellami, premier doyen de la Facult\u00e9 de M\u00e9decine de Sfax, tire sa r\u00e9v\u00e9rence"},"content":{"rendered":"<p>Doyen fondateur de la Facult\u00e9 de m\u00e9decine de Sfax, de 1974 \u00e0 1985, le Pr Abdelhafidh Sellami, vient de nous quitter. Sa d\u00e9termination \u00e0 cr\u00e9er cette premi\u00e8re institution de formation m\u00e9dicale, apr\u00e8s la facult\u00e9 de Tunis, malgr\u00e9 la modestie des ressources, sa rigueur dans l\u2019organisation des cours et de la formation hospitalo-universitaire et son vaste r\u00e9seau d\u2019amis parmi les \u00e9minents professeurs de m\u00e9decine, notamment en Europe, ont permis l\u2019\u00e9merge d\u2019une grande facult\u00e9. Depuis des d\u00e9cennies, elle n\u2019a cess\u00e9 de former des promotions successives d\u2019excellents m\u00e9decins.<\/p>\n<p>Le Pr Sellami \u00e9tait l\u2019une des figures embl\u00e9matiques de la m\u00e9decine tunisienne. Tout au long de sa carri\u00e8re, il supervisa un d\u00e9partement universitaire de chirurgie de Montpellier, en France, formant plusieurs g\u00e9n\u00e9rations de m\u00e9decins. A son retour, en Tunisie, il prit la direction du service de chirurgie g\u00e9n\u00e9rale de l\u2019h\u00f4pital universitaire Hedi Chaker de Sfax.<\/p>\n<p>Allah yerhamou.<\/p>\n<p>Auteur:<br \/>\n<a href=\"https:\/\/www.leaders.com.tn\/article\/31515-le-doyen-abdelhafidh-sellami-tire-sa-reverence\">Cliquez ici pour lire l&rsquo;article depuis sa source.<\/a><\/p>\n","protected":false},"excerpt":{"rendered":"<p>Doyen fondateur de la Facult\u00e9 de m\u00e9decine de Sfax, de 1974 \u00e0 1985, le Pr Abdelhafidh Sellami, vient de nous quitter. Sa d\u00e9termination \u00e0 cr\u00e9er cette premi\u00e8re institution de formation m\u00e9dicale, apr\u00e8s la facult\u00e9 de Tunis, malgr\u00e9 la modestie des ressources, sa rigueur dans l\u2019organisation des cours et de la formation hospitalo-universitaire et son vaste [&hellip;]<\/p>\n","protected":false},"author":1772,"featured_media":0,"comment_status":"closed","ping_status":"closed","sticky":false,"template":"","format":"standard","meta":{"fifu_image_url":"","fifu_image_alt":"","footnotes":""},"categories":[73,55],"tags":[],"class_list":["post-112331","post","type-post","status-publish","format-standard","hentry","category-actualite","category-tunisie"],"_links":{"self":[{"href":"https:\/\/linitiative.ca\/International\/wp-json\/wp\/v2\/posts\/112331","targetHints":{"allow":["GET"]}}],"collection":[{"href":"https:\/\/linitiative.ca\/International\/wp-json\/wp\/v2\/posts"}],"about":[{"href":"https:\/\/linitiative.ca\/International\/wp-json\/wp\/v2\/types\/post"}],"author":[{"embeddable":true,"href":"https:\/\/linitiative.ca\/International\/wp-json\/wp\/v2\/users\/1772"}],"replies":[{"embeddable":true,"href":"https:\/\/linitiative.ca\/International\/wp-json\/wp\/v2\/comments?post=112331"}],"version-history":[{"count":0,"href":"https:\/\/linitiative.ca\/International\/wp-json\/wp\/v2\/posts\/112331\/revisions"}],"wp:attachment":[{"href":"https:\/\/linitiative.ca\/International\/wp-json\/wp\/v2\/media?parent=112331"}],"wp:term":[{"taxonomy":"category","embeddable":true,"href":"https:\/\/linitiative.ca\/International\/wp-json\/wp\/v2\/categories?post=112331"},{"taxonomy":"post_tag","embeddable":true,"href":"https:\/\/linitiative.ca\/International\/wp-json\/wp\/v2\/tags?post=112331"}],"curies":[{"name":"wp","href":"https:\/\/api.w.org\/{rel}","templated":true}]}}