{"id":112334,"date":"2021-03-02T05:00:00","date_gmt":"2021-03-02T10:00:00","guid":{"rendered":"https:\/\/linitiative.ca\/International\/la-liste-sallonge-au-fil-des-jours\/"},"modified":"2021-03-02T05:00:00","modified_gmt":"2021-03-02T10:00:00","slug":"la-liste-sallonge-au-fil-des-jours","status":"publish","type":"post","link":"https:\/\/linitiative.ca\/International\/la-liste-sallonge-au-fil-des-jours\/","title":{"rendered":"La liste s\u2019allonge au fil des jours"},"content":{"rendered":"<p class=\"c3\">Elle est longue et \u00e9mouvante. Ils sont 164 \u00e0 avoir succomb\u00e9 \u00e0 la Covid-19. Un m\u00e9decin qui meurt dans l\u2019exercice de ses fonctions, c\u2019est comme un combattant qui tombe au champ d\u2019honneur. Leurs confr\u00e8res vont organiser une journ\u00e9e \u00e0 leur m\u00e9moire. Pour que leur sacrifice ne passe pas \u00e0 la trappe. Pour pas que l\u2019on oublie ces h\u00e9ros qui, chez nous sans doute plus qu\u2019ailleurs, paient de leur vie\u00a0 leur combat contre une pand\u00e9mie qui en fait des cibles prioritaires.\u00a0<br \/>Des hommes et des femmes qui se sont prot\u00e9g\u00e9s avec les moyens mis \u00e0 leur disposition et, auparavant, d\u00e9nonc\u00e9s comme insuffisants. Ils auront succomb\u00e9 avant d\u2019\u00eatre pris au s\u00e9rieux et par leur tutelle et par les personnes contamin\u00e9es pour n\u2019avoir pas plus tenu compte des appels \u00e0 la vigilance et pour avoir dout\u00e9 des risques que la pand\u00e9mie faisait peser sur le pays. Le mal aura pris de court les plus vigilants d\u2019entre les citoyens avant m\u00eame qu\u2019ils aient le temps de se mettre \u00e0 l\u2019abri. La liste des sacrifi\u00e9s d\u00e9file sur les r\u00e9seaux sociaux, suscitant malaise et compassion.\u00a0<br \/>Col\u00e8re et culpabilit\u00e9 font \u00e9cho \u00e0 un sentiment de g\u00eane profond. Celui d\u2019assister \u00e0 une r\u00e9cr\u00e9ation g\u00e9ante au cours de laquelle chacun y va de sa d\u00e9monstration de courage et d\u2019inconscience ! La volont\u00e9 de d\u00e9fier le syst\u00e8me, le visage d\u00e9couvert, a pris le pouvoir sur la menace sanitaire. J\u2019ai juste eu le temps de r\u00e9pondre \u00e0 quelqu\u2019un qui m\u2019invitait \u00e0 me r\u00e9jouir du retour vigoureux du Hirak au lieu \u00abd\u2019incendier\u00bb les marcheurs. Je voulais lui expliquer pourquoi, les donn\u00e9es \u00e9tant ce qu\u2019elles sont, je ne ressens pas, pr\u00e9sentement, le m\u00eame enthousiasme que lui et pourquoi je ne d\u00e9sesp\u00e8re pas de renouer avec les m\u00eames frissons qu\u2019\u00e0 la naissance du mouvement.\u00a0<br \/>Deux semaines environ apr\u00e8s la naissance du Hirak, un confr\u00e8re \u00e9tranger, qui s\u2019interrogeait sur les objectifs de ce mouvement, m\u2019avait demand\u00e9 comment je voyais la suite. Je me souviens lui avoir r\u00e9pondu, euphorique, qu\u2019il fallait laisser au profond ressentiment, jusque-l\u00e0 sans voix, le temps d\u2019\u00e9tendre la contestation, de se r\u00e9approprier une parole interdite et de savourer la libert\u00e9 d\u2019occuper la rue pour y chanter autant le rejet que le mal-\u00eatre !<br \/><em><strong>M. B.<\/strong><\/em><\/p>\n<p>Auteur:<br \/>\n<a href=\"https:\/\/www.lesoirdalgerie.com\/soit-dit-en-passant\/la-liste-sallonge-au-fil-des-jours-57190\">Cliquez ici pour lire l&rsquo;article depuis sa source.<\/a><\/p>\n","protected":false},"excerpt":{"rendered":"<p>Elle est longue et \u00e9mouvante. Ils sont 164 \u00e0 avoir succomb\u00e9 \u00e0 la Covid-19. Un m\u00e9decin qui meurt dans l\u2019exercice de ses fonctions, c\u2019est comme un combattant qui tombe au champ d\u2019honneur. Leurs confr\u00e8res vont organiser une journ\u00e9e \u00e0 leur m\u00e9moire. Pour que leur sacrifice ne passe pas \u00e0 la trappe. Pour pas que l\u2019on [&hellip;]<\/p>\n","protected":false},"author":1741,"featured_media":0,"comment_status":"closed","ping_status":"closed","sticky":false,"template":"","format":"standard","meta":{"fifu_image_url":"","fifu_image_alt":"","footnotes":""},"categories":[73,53],"tags":[],"class_list":["post-112334","post","type-post","status-publish","format-standard","hentry","category-actualite","category-algerie"],"_links":{"self":[{"href":"https:\/\/linitiative.ca\/International\/wp-json\/wp\/v2\/posts\/112334","targetHints":{"allow":["GET"]}}],"collection":[{"href":"https:\/\/linitiative.ca\/International\/wp-json\/wp\/v2\/posts"}],"about":[{"href":"https:\/\/linitiative.ca\/International\/wp-json\/wp\/v2\/types\/post"}],"author":[{"embeddable":true,"href":"https:\/\/linitiative.ca\/International\/wp-json\/wp\/v2\/users\/1741"}],"replies":[{"embeddable":true,"href":"https:\/\/linitiative.ca\/International\/wp-json\/wp\/v2\/comments?post=112334"}],"version-history":[{"count":0,"href":"https:\/\/linitiative.ca\/International\/wp-json\/wp\/v2\/posts\/112334\/revisions"}],"wp:attachment":[{"href":"https:\/\/linitiative.ca\/International\/wp-json\/wp\/v2\/media?parent=112334"}],"wp:term":[{"taxonomy":"category","embeddable":true,"href":"https:\/\/linitiative.ca\/International\/wp-json\/wp\/v2\/categories?post=112334"},{"taxonomy":"post_tag","embeddable":true,"href":"https:\/\/linitiative.ca\/International\/wp-json\/wp\/v2\/tags?post=112334"}],"curies":[{"name":"wp","href":"https:\/\/api.w.org\/{rel}","templated":true}]}}