{"id":112337,"date":"2021-03-02T05:00:00","date_gmt":"2021-03-02T10:00:00","guid":{"rendered":"https:\/\/linitiative.ca\/International\/lusine-a-gaz\/"},"modified":"2021-03-02T05:00:00","modified_gmt":"2021-03-02T10:00:00","slug":"lusine-a-gaz","status":"publish","type":"post","link":"https:\/\/linitiative.ca\/International\/lusine-a-gaz\/","title":{"rendered":"L\u2019usine \u00e0 gaz !"},"content":{"rendered":"<p class=\"c3\">Et l\u2019on vit, \u00e0 l\u2019aube des nouveaux reniements, chiens et chats r\u00e9concili\u00e9s venir d\u00e9f\u00e9quer sur les\u2026<\/p>\n<p class=\"c3\"><strong>\u2026 tombes oubli\u00e9es.\u00a0<\/strong><\/p>\n<p class=\"c3\">\u00ab Un organisme de contr\u00f4le de l\u2019application des d\u00e9cisions du gouvernement \u00bb ? Je lis et relis l\u2019intitul\u00e9 de cette d\u00e9cision prise par Djidji. Oui ! Aucun risque d\u2019erreur. Au bout de la cinqui\u00e8me lecture du communiqu\u00e9 pondu \u00e0 l\u2019issue de cette r\u00e9union, il s\u2019agit bien de cela. La mise en place urgente d\u2019un \u00ab organisme de contr\u00f4le de l\u2019application des d\u00e9cisions du gouvernement \u00bb. Sahbi ! Moi, un Pr\u00e9sident, je sais globalement ce que \u00e7a recouvre comme missions. Toujours aussi globalement, un chef de l\u2019\u00c9tat d\u00e9cide d\u2019une politique et d\u2019un mode de gouvernance. Je sais aussi, encore plus globalement, ce qui est attendu d\u2019un ex\u00e9cutif. Qu\u2019il ex\u00e9cute la politique, les d\u00e9cisions et les directives du Pr\u00e9sident. Que vient faire alors dans les tuyaux, dans la machinerie cet organisme de contr\u00f4le de l\u2019application des d\u00e9cisions ? Th\u00e9oriquement, dans mon entendement \u23af s\u00fbrement primaire et peut-\u00eatre m\u00eame primitif \u23af si on se croit oblig\u00e9 de contr\u00f4ler, c\u2019est qu\u2019il y a un grain qui enraye la machine. Sinon, pourquoi ? Quelle est cette utilit\u00e9 urgente et surtout in\u00e9dite d\u2019un organisme qui aurait pour boulot de contr\u00f4ler un processus qui n\u2019a pas besoin de contr\u00f4le, \u00e0 moins que l\u2019on admette qu\u2019entre le moment o\u00f9 les orientations sont \u00e9mises au Palais et celui o\u00f9 elles atterrissent au gouvernement, il y a une sorte de \u00ab force d\u2019inertie \u00bb, un boulon bloquant qui fausse le m\u00e9canisme d\u2019horlogerie. Plus interpellant encore, la m\u00e9canique des grains de sable. Qui garantit que l\u2019organisme de contr\u00f4le de l\u2019application des d\u00e9cisions ne s\u2019enraye pas \u00e0 son tour ? Ne s\u2019ensable pas lui aussi ? Faudra-t-il alors, dans cette d\u00e9marche fr\u00e9n\u00e9tiquement bizarro\u00efde, cr\u00e9er encore plus urgemment un autre organisme, charg\u00e9 lui de contr\u00f4ler l\u2019instance de\u2026 contr\u00f4le de l\u2019application des d\u00e9cisions ? Oulla ! D\u00e9but de migraine ! Sans passer par aucun organisme de contr\u00f4le de mes maux de t\u00eate violents, je m\u2019auto-prescris vite fait du th\u00e9 \u00e0 fumer pour rester \u00e9veill\u00e9 \u00e0 ce cauchemar qui continue.<br \/><em><strong>H. L.<\/strong><\/em><\/p>\n<p>Auteur:<br \/>\n<a href=\"https:\/\/www.lesoirdalgerie.com\/pousse-avec-eux\/lusine-a-gaz-57187\">Cliquez ici pour lire l&rsquo;article depuis sa source.<\/a><\/p>\n","protected":false},"excerpt":{"rendered":"<p>Et l\u2019on vit, \u00e0 l\u2019aube des nouveaux reniements, chiens et chats r\u00e9concili\u00e9s venir d\u00e9f\u00e9quer sur les\u2026 \u2026 tombes oubli\u00e9es.\u00a0 \u00ab Un organisme de contr\u00f4le de l\u2019application des d\u00e9cisions du gouvernement \u00bb ? Je lis et relis l\u2019intitul\u00e9 de cette d\u00e9cision prise par Djidji. Oui ! Aucun risque d\u2019erreur. Au bout de la cinqui\u00e8me lecture du [&hellip;]<\/p>\n","protected":false},"author":1741,"featured_media":0,"comment_status":"closed","ping_status":"closed","sticky":false,"template":"","format":"standard","meta":{"fifu_image_url":"","fifu_image_alt":"","footnotes":""},"categories":[73,53],"tags":[],"class_list":["post-112337","post","type-post","status-publish","format-standard","hentry","category-actualite","category-algerie"],"_links":{"self":[{"href":"https:\/\/linitiative.ca\/International\/wp-json\/wp\/v2\/posts\/112337","targetHints":{"allow":["GET"]}}],"collection":[{"href":"https:\/\/linitiative.ca\/International\/wp-json\/wp\/v2\/posts"}],"about":[{"href":"https:\/\/linitiative.ca\/International\/wp-json\/wp\/v2\/types\/post"}],"author":[{"embeddable":true,"href":"https:\/\/linitiative.ca\/International\/wp-json\/wp\/v2\/users\/1741"}],"replies":[{"embeddable":true,"href":"https:\/\/linitiative.ca\/International\/wp-json\/wp\/v2\/comments?post=112337"}],"version-history":[{"count":0,"href":"https:\/\/linitiative.ca\/International\/wp-json\/wp\/v2\/posts\/112337\/revisions"}],"wp:attachment":[{"href":"https:\/\/linitiative.ca\/International\/wp-json\/wp\/v2\/media?parent=112337"}],"wp:term":[{"taxonomy":"category","embeddable":true,"href":"https:\/\/linitiative.ca\/International\/wp-json\/wp\/v2\/categories?post=112337"},{"taxonomy":"post_tag","embeddable":true,"href":"https:\/\/linitiative.ca\/International\/wp-json\/wp\/v2\/tags?post=112337"}],"curies":[{"name":"wp","href":"https:\/\/api.w.org\/{rel}","templated":true}]}}