{"id":112341,"date":"2021-03-02T06:25:36","date_gmt":"2021-03-02T11:25:36","guid":{"rendered":"https:\/\/linitiative.ca\/International\/le-groupe-somagec-jette-leponge-pour-le-telepherique-de-tanger\/"},"modified":"2021-03-02T06:25:36","modified_gmt":"2021-03-02T11:25:36","slug":"le-groupe-somagec-jette-leponge-pour-le-telepherique-de-tanger","status":"publish","type":"post","link":"https:\/\/linitiative.ca\/International\/le-groupe-somagec-jette-leponge-pour-le-telepherique-de-tanger\/","title":{"rendered":"Le groupe Somagec jette l\u2019\u00e9ponge pour le t\u00e9l\u00e9ph\u00e9rique de Tanger"},"content":{"rendered":"<p><strong>D\u00e9cid\u00e9ment, le projet de t\u00e9l\u00e9ph\u00e9rique de la ville de Tanger a du mal \u00e0 sortir de terre. En effet, apr\u00e8s le duo fran\u00e7ais Poma et PGI Management qui a d\u00e9clar\u00e9 forfait en 2017 pour la construction de ce qui aurait \u00e9t\u00e9 le premier t\u00e9l\u00e9ph\u00e9rique urbain du Maroc, c\u2019est au tour du marocain Somagec de jeter l\u2019\u00e9ponge alors que tous les espoirs de la ville du D\u00e9troit avaient \u00e9t\u00e9 plac\u00e9s en lui pour relancer ce projet phare du projet de reconversion du port de Tanger-ville dont les premi\u00e8res esquisses remontent \u00e0 il y a plus de dix ans.<\/strong><\/p>\n<div class=\"c10\">\n<\/div>\n<p>Si pour le groupement fran\u00e7ais qui avait \u00e9t\u00e9 d\u00e9clar\u00e9 adjudicataire en 2016 de l\u2019appel d\u2019offres international lanc\u00e9 par la Soci\u00e9t\u00e9 d\u2019Am\u00e9nagement pour la Reconversion de la Zone Portuaire de Tanger (SAPT), c\u2019est le bouclage du financement (estim\u00e9 \u00e0 250 millions de dirhams) qui semble avoir fait d\u00e9faut, rien ne filtre sur la raison de l\u2019abandon du projet par le num\u00e9ro 3 du BTP au Maroc. Mais, selon des sources proches, c\u2019est la crise du Covid-19 qui a fini par avoir raison de cette volont\u00e9 de diversification du groupe fond\u00e9 par Roger Sahyoun, alors m\u00eame que ce dernier a bien r\u00e9ussi son coup \u00e0 Tanger dans une autre concession publique, \u00e0 savoir la construction et l\u2019exploitation de parkings publics.<\/p>\n<p><strong>Lire aussi| <a href=\"https:\/\/www.challenge.ma\/othman-omary-partner-et-managing-director-au-bcg-le-nombre-de-paiements-via-internet-au-maroc-a-atteint-sa-plus-forte-progression-depuis-4-ans-avec-une-augmentation-de-41-sur-les-9-premier-176717\/\">Othman Omary : \u00ables banques africaines doivent renforcer leur proposition de valeur dans le paiement mobile\u00bb<\/a><\/strong><\/p>\n<p>Rappelons que le groupe Somagec, qui vient en termes de taille juste derri\u00e8re le duo SGTM et TGCC, a d\u00e9j\u00e0 construit dans le cadre d\u2019un partenariat public priv\u00e9 impliquant la Commune de Tanger, avec comme ordonnateur et la Wilaya de la m\u00eame ville, quelque 14 parkings souterrains, sur un total de 16, de nouvelle g\u00e9n\u00e9ration. C\u2019est-\u00e0-dire que la Soci\u00e9t\u00e9 du T\u00e9l\u00e9ph\u00e9rique de Tanger (filiale ad hoc cr\u00e9\u00e9e par le groupe Somagec) et dont la liquidation vient d\u2019\u00eatre act\u00e9e, n\u2019a point eu la m\u00eame post\u00e9rit\u00e9 que Somagec Parkings, l\u2019autre filiale du groupe qui, elle, poursuit son bonhomme de chemin et nourrit m\u00eame de nouvelles ambitions.<\/p>\n<p><strong>Lire aussi| <a href=\"https:\/\/www.challenge.ma\/maroc-allemagne-des-signes-precurseurs-dune-rupture-diplomatique-176787\/\">Maroc-Allemagne : des signes pr\u00e9curseurs d\u2019une rupture diplomatique<\/a><\/strong><\/p>\n<p>Auteur: challenge<br \/>\n<a href=\"https:\/\/www.challenge.ma\/le-groupe-somagec-jette-leponge-pour-le-telepherique-de-tanger-176822\/\">Cliquez ici pour lire l&rsquo;article depuis sa source.<\/a><\/p>\n","protected":false},"excerpt":{"rendered":"<p>D\u00e9cid\u00e9ment, le projet de t\u00e9l\u00e9ph\u00e9rique de la ville de Tanger a du mal \u00e0 sortir de terre. En effet, apr\u00e8s le duo fran\u00e7ais Poma et PGI Management qui a d\u00e9clar\u00e9 forfait en 2017 pour la construction de ce qui aurait \u00e9t\u00e9 le premier t\u00e9l\u00e9ph\u00e9rique urbain du Maroc, c\u2019est au tour du marocain Somagec de jeter [&hellip;]<\/p>\n","protected":false},"author":1787,"featured_media":0,"comment_status":"closed","ping_status":"closed","sticky":false,"template":"","format":"standard","meta":{"fifu_image_url":"","fifu_image_alt":"","footnotes":""},"categories":[78,54],"tags":[],"class_list":["post-112341","post","type-post","status-publish","format-standard","hentry","category-economie","category-maroc"],"_links":{"self":[{"href":"https:\/\/linitiative.ca\/International\/wp-json\/wp\/v2\/posts\/112341","targetHints":{"allow":["GET"]}}],"collection":[{"href":"https:\/\/linitiative.ca\/International\/wp-json\/wp\/v2\/posts"}],"about":[{"href":"https:\/\/linitiative.ca\/International\/wp-json\/wp\/v2\/types\/post"}],"author":[{"embeddable":true,"href":"https:\/\/linitiative.ca\/International\/wp-json\/wp\/v2\/users\/1787"}],"replies":[{"embeddable":true,"href":"https:\/\/linitiative.ca\/International\/wp-json\/wp\/v2\/comments?post=112341"}],"version-history":[{"count":0,"href":"https:\/\/linitiative.ca\/International\/wp-json\/wp\/v2\/posts\/112341\/revisions"}],"wp:attachment":[{"href":"https:\/\/linitiative.ca\/International\/wp-json\/wp\/v2\/media?parent=112341"}],"wp:term":[{"taxonomy":"category","embeddable":true,"href":"https:\/\/linitiative.ca\/International\/wp-json\/wp\/v2\/categories?post=112341"},{"taxonomy":"post_tag","embeddable":true,"href":"https:\/\/linitiative.ca\/International\/wp-json\/wp\/v2\/tags?post=112341"}],"curies":[{"name":"wp","href":"https:\/\/api.w.org\/{rel}","templated":true}]}}