{"id":112349,"date":"2021-03-02T16:10:18","date_gmt":"2021-03-02T21:10:18","guid":{"rendered":"https:\/\/linitiative.ca\/International\/tic-la-cil-plaide-pour-une-education-au-numerique\/"},"modified":"2021-03-02T16:10:18","modified_gmt":"2021-03-02T21:10:18","slug":"tic-la-cil-plaide-pour-une-education-au-numerique","status":"publish","type":"post","link":"https:\/\/linitiative.ca\/International\/tic-la-cil-plaide-pour-une-education-au-numerique\/","title":{"rendered":"TIC : la CIL plaide pour une \u00e9ducation au num\u00e9rique"},"content":{"rendered":"<div class=\"td-post-featured-image\"><a href=\"https:\/\/www.sidwaya.info\/wp-content\/uploads\/2021\/03\/1-5.jpg\" data-caption=\"\"><img loading=\"lazy\" decoding=\"async\" width=\"546\" height=\"468\" class=\"entry-thumb td-modal-image\" src=\"https:\/\/www.sidwaya.info\/wp-content\/uploads\/2021\/03\/1-5.jpg\" srcset=\"https:\/\/www.sidwaya.info\/wp-content\/uploads\/2021\/03\/1-5.jpg 546w, https:\/\/www.sidwaya.info\/wp-content\/uploads\/2021\/03\/1-5-300x257.jpg 300w, https:\/\/www.sidwaya.info\/wp-content\/uploads\/2021\/03\/1-5-150x129.jpg 150w, https:\/\/www.sidwaya.info\/wp-content\/uploads\/2021\/03\/1-5-490x420.jpg 490w\" sizes=\"auto, (max-width: 546px) 100vw, 546px\" alt=\"\" title=\"1\"\/><\/a><\/div>\n<p><strong>Le chef de l\u2019Etat, Roch Marc Christian Kabor\u00e9, a successivement re\u00e7u en audience, la pr\u00e9sidente de la Commission de l\u2019informatique et des libert\u00e9s (CIL), Marguerite Ou\u00e9draogo et les premiers responsables de la F\u00e9d\u00e9ration des associations islamiques du Burkina (FAIB), le mardi 2 mars 2021, \u00e0 Ouagadougou.<\/strong><\/p>\n<p>Les rapports 2018 et 2019 de la Commission de l\u2019informatique et des libert\u00e9s (CIL) sont disponibles. La pr\u00e9sidente de l\u2019institution, Marguerite Ou\u00e9draogo, est all\u00e9e les remettre au Pr\u00e9sident du Faso, Roch Marc Christian Kabor\u00e9, dans la matin\u00e9e du mardi 2 mars 2021, \u00e0 Ouagadougou. Pour l\u2019ann\u00e9e 2018, elle a indiqu\u00e9 que ce sont 7 064 personnes qui ont \u00e9t\u00e9 sensibilis\u00e9es contre 3 270 en 2019. Mme Ou\u00e9draogo a confi\u00e9 qu\u2019en plus des activit\u00e9s de sensibilisation, la CIL a traduit la loi relative \u00e0 la protection des donn\u00e9es \u00e0 caract\u00e8re personnel dans des langues nationales comme le moor\u00e9, le dioula et le fulfuld\u00e9 pour une large appropriation. \u00ab La loi conf\u00e8re \u00e0 la CIL le pouvoir d\u2019effectuer des contr\u00f4les aupr\u00e8s de l\u2019ensemble des organismes qui traitent des donn\u00e9es \u00e0 caract\u00e8re personnel. Les entreprises priv\u00e9es, les associations ou les organismes peuvent faire l\u2019objet d\u2019un contr\u00f4le de la Commission. Au cours des deux ann\u00e9es, 22 structures ont \u00e9t\u00e9 contr\u00f4l\u00e9es et des manquements ont \u00e9t\u00e9 relev\u00e9s\u00a0\u00bb, a-t-elle soulign\u00e9.<\/p>\n<p>En termes de perspectives, la CIL a recommand\u00e9 l\u2019introduction de l\u2019\u00e9ducation au num\u00e9rique dans les curricula en collaboration avec le minist\u00e8re en charge de l\u2019\u00e9ducation nationale, les contr\u00f4les-sanctions \u00e0 l\u2019encontre des entreprises qui ne respectent pas la loi portant protection des donn\u00e9es \u00e0 caract\u00e8re personnel et la r\u00e9alisation d\u2019un laboratoire de veille juridique et technologique pour mieux anticiper sur les effets des TIC. Apr\u00e8s la CIL, ce sont les premiers responsables de la F\u00e9d\u00e9ration des associations islamiques du Burkina (FAIB) qui ont \u00e9t\u00e9 re\u00e7us par le Pr\u00e9sident du Faso, Roch Marc Christian Kabor\u00e9. A leur sortie d\u2019audience, le pr\u00e9sident de la FAIB, El Adj Oumarou Zoungrana, a d\u00e9clar\u00e9 \u00eatre venu f\u00e9liciter le chef de l\u2019Etat pour sa r\u00e9\u00e9lection pour un second mandat \u00e0 la t\u00eate du pays. \u00ab\u00a0Nous sommes venus f\u00e9liciter et faire des b\u00e9n\u00e9dictions au pr\u00e9sident du Faso pour sa r\u00e9\u00e9lection. Lors de tous nos pr\u00eaches et de nos cinq pri\u00e8res quotidiennes, nous prions pour la paix et la s\u00e9curit\u00e9 au Burkina Faso \u00bb, a laiss\u00e9 entendre le pr\u00e9sident du la FAIB.<\/p>\n<p class=\"c1\"><strong>Karim BADOLO<\/strong><\/p>\n<div class=\"td-a-rec td-a-rec-id-content_bottom tdi_33_ee1 td_block_template_1\">\n<p><img loading=\"lazy\" decoding=\"async\" class=\"aligncenter size-full wp-image-27454\" src=\"https:\/\/www.sidwaya.info\/wp-content\/uploads\/2020\/10\/PUB-Bandeau-paiement-mobile-siteweb.jpg\" alt=\"\" width=\"728\" height=\"90\"\/><\/div>\n<p>Auteur: BM. Sidwaya<br \/>\n<a href=\"https:\/\/www.sidwaya.info\/blog\/2021\/03\/02\/tic-la-cil-plaide-pour-une-education-au-numerique\/\">Cliquez ici pour lire l&rsquo;article depuis sa source.<\/a><\/p>\n","protected":false},"excerpt":{"rendered":"<p>Le chef de l\u2019Etat, Roch Marc Christian Kabor\u00e9, a successivement re\u00e7u en audience, la pr\u00e9sidente de la Commission de l\u2019informatique et des libert\u00e9s (CIL), Marguerite Ou\u00e9draogo et les premiers responsables de la F\u00e9d\u00e9ration des associations islamiques du Burkina (FAIB), le mardi 2 mars 2021, \u00e0 Ouagadougou. Les rapports 2018 et 2019 de la Commission de [&hellip;]<\/p>\n","protected":false},"author":1816,"featured_media":0,"comment_status":"closed","ping_status":"closed","sticky":false,"template":"","format":"standard","meta":{"fifu_image_url":"https:\/\/www.sidwaya.info\/wp-content\/uploads\/2021\/03\/1-5.jpg","fifu_image_alt":"TIC : la CIL plaide pour une \u00e9ducation au num\u00e9rique","footnotes":""},"categories":[73,81],"tags":[],"class_list":["post-112349","post","type-post","status-publish","format-standard","hentry","category-actualite","category-burkina-faso"],"_links":{"self":[{"href":"https:\/\/linitiative.ca\/International\/wp-json\/wp\/v2\/posts\/112349","targetHints":{"allow":["GET"]}}],"collection":[{"href":"https:\/\/linitiative.ca\/International\/wp-json\/wp\/v2\/posts"}],"about":[{"href":"https:\/\/linitiative.ca\/International\/wp-json\/wp\/v2\/types\/post"}],"author":[{"embeddable":true,"href":"https:\/\/linitiative.ca\/International\/wp-json\/wp\/v2\/users\/1816"}],"replies":[{"embeddable":true,"href":"https:\/\/linitiative.ca\/International\/wp-json\/wp\/v2\/comments?post=112349"}],"version-history":[{"count":0,"href":"https:\/\/linitiative.ca\/International\/wp-json\/wp\/v2\/posts\/112349\/revisions"}],"wp:attachment":[{"href":"https:\/\/linitiative.ca\/International\/wp-json\/wp\/v2\/media?parent=112349"}],"wp:term":[{"taxonomy":"category","embeddable":true,"href":"https:\/\/linitiative.ca\/International\/wp-json\/wp\/v2\/categories?post=112349"},{"taxonomy":"post_tag","embeddable":true,"href":"https:\/\/linitiative.ca\/International\/wp-json\/wp\/v2\/tags?post=112349"}],"curies":[{"name":"wp","href":"https:\/\/api.w.org\/{rel}","templated":true}]}}