{"id":112351,"date":"2021-03-02T16:17:19","date_gmt":"2021-03-02T21:17:19","guid":{"rendered":"https:\/\/linitiative.ca\/International\/forum-daswan-sur-la-paix-et-le-developpement-durable\/"},"modified":"2021-03-02T16:17:19","modified_gmt":"2021-03-02T21:17:19","slug":"forum-daswan-sur-la-paix-et-le-developpement-durable","status":"publish","type":"post","link":"https:\/\/linitiative.ca\/International\/forum-daswan-sur-la-paix-et-le-developpement-durable\/","title":{"rendered":"Forum d\u2019Aswan sur la paix et le D\u00e9veloppement durable"},"content":{"rendered":"<div class=\"td-post-featured-image\"><a href=\"https:\/\/www.sidwaya.info\/wp-content\/uploads\/2021\/03\/1-6.jpg\" data-caption=\"\"><img loading=\"lazy\" decoding=\"async\" width=\"595\" height=\"446\" class=\"entry-thumb td-modal-image\" src=\"https:\/\/www.sidwaya.info\/wp-content\/uploads\/2021\/03\/1-6.jpg\" srcset=\"https:\/\/www.sidwaya.info\/wp-content\/uploads\/2021\/03\/1-6.jpg 595w, https:\/\/www.sidwaya.info\/wp-content\/uploads\/2021\/03\/1-6-300x225.jpg 300w, https:\/\/www.sidwaya.info\/wp-content\/uploads\/2021\/03\/1-6-150x112.jpg 150w, https:\/\/www.sidwaya.info\/wp-content\/uploads\/2021\/03\/1-6-560x420.jpg 560w, https:\/\/www.sidwaya.info\/wp-content\/uploads\/2021\/03\/1-6-80x60.jpg 80w, https:\/\/www.sidwaya.info\/wp-content\/uploads\/2021\/03\/1-6-265x198.jpg 265w\" sizes=\"auto, (max-width: 595px) 100vw, 595px\" alt=\"\" title=\"1\"\/><\/a><\/div>\n<p><strong>Le Pr\u00e9sident du Faso, Roch Marc Christian Kabor\u00e9, est intervenu, le 1er mars 2021, par vid\u00e9o, \u00e0 la deuxi\u00e8me \u00e9dition du Forum d\u2019Aswan sur le d\u00e9veloppement durable. Organis\u00e9 par les autorit\u00e9s \u00e9gyptiennes, le forum d\u2019Aswan se veut un cadre d\u2019\u00e9changes sur les enjeux du continent africain.<\/strong><\/p>\n<p>Dans un contexte de COVID-19, la r\u00e9flexion, cette ann\u00e9e, porte sur la pand\u00e9mie et la probl\u00e9matique de la r\u00e9ponse africaine \u00e0 la crise. Pour le pr\u00e9sident du Faso, la crise de la COVID -19 ne doit pas faire perdre de vue la crise s\u00e9curitaire, car venant plomber les efforts de pays, en g\u00e9n\u00e9ral et ceux sah\u00e9liens, en particulier, durement \u00e9prouv\u00e9s. Le chef de l\u2019Etat a \u00e9galement not\u00e9 la n\u00e9cessit\u00e9 pour \u00ab l\u2019Afrique de prendre en main son destin en vue d\u2019apporter des r\u00e9ponses endog\u00e8nes \u00bb \u00e0 cette crise sanitaire. Afin de soulager les populations, le pr\u00e9sident Kabor\u00e9 a appel\u00e9 \u00e0 \u00ab un renforcement des mesures sociales et de d\u00e9veloppement en faveur des populations \u00e9prouv\u00e9es durement par la double crise sanitaire et s\u00e9curitaire \u00bb. C\u2019est pourquoi, a conclu le pr\u00e9sident du Faso, \u00ab nous r\u00e9it\u00e9rons notre appel pour une annulation de la dette de l\u2019Afrique et particuli\u00e8rement de celle des pays du G5 Sahel qui consacrent entre 20% et 30 % de leurs budgets nationaux \u00e0 la s\u00e9curit\u00e9 \u00bb.<\/p>\n<p class=\"c1\"><strong>Direction de la communication de la pr\u00e9sidence du Faso<\/strong><\/p>\n<div class=\"td-a-rec td-a-rec-id-content_bottom tdi_33_453 td_block_template_1\">\n<p><img loading=\"lazy\" decoding=\"async\" class=\"aligncenter size-full wp-image-27454\" src=\"https:\/\/www.sidwaya.info\/wp-content\/uploads\/2020\/10\/PUB-Bandeau-paiement-mobile-siteweb.jpg\" alt=\"\" width=\"728\" height=\"90\"\/><\/div>\n<p>Auteur: BM. Sidwaya<br \/>\n<a href=\"https:\/\/www.sidwaya.info\/blog\/2021\/03\/02\/forum-daswan-sur-la-paix-et-le-developpement-durable\/\">Cliquez ici pour lire l&rsquo;article depuis sa source.<\/a><\/p>\n","protected":false},"excerpt":{"rendered":"<p>Le Pr\u00e9sident du Faso, Roch Marc Christian Kabor\u00e9, est intervenu, le 1er mars 2021, par vid\u00e9o, \u00e0 la deuxi\u00e8me \u00e9dition du Forum d\u2019Aswan sur le d\u00e9veloppement durable. Organis\u00e9 par les autorit\u00e9s \u00e9gyptiennes, le forum d\u2019Aswan se veut un cadre d\u2019\u00e9changes sur les enjeux du continent africain. Dans un contexte de COVID-19, la r\u00e9flexion, cette ann\u00e9e, [&hellip;]<\/p>\n","protected":false},"author":1816,"featured_media":0,"comment_status":"closed","ping_status":"closed","sticky":false,"template":"","format":"standard","meta":{"fifu_image_url":"https:\/\/www.sidwaya.info\/wp-content\/uploads\/2021\/03\/1-6.jpg","fifu_image_alt":"Forum d\u2019Aswan sur la paix et le D\u00e9veloppement durable","footnotes":""},"categories":[73,81],"tags":[],"class_list":["post-112351","post","type-post","status-publish","format-standard","hentry","category-actualite","category-burkina-faso"],"_links":{"self":[{"href":"https:\/\/linitiative.ca\/International\/wp-json\/wp\/v2\/posts\/112351","targetHints":{"allow":["GET"]}}],"collection":[{"href":"https:\/\/linitiative.ca\/International\/wp-json\/wp\/v2\/posts"}],"about":[{"href":"https:\/\/linitiative.ca\/International\/wp-json\/wp\/v2\/types\/post"}],"author":[{"embeddable":true,"href":"https:\/\/linitiative.ca\/International\/wp-json\/wp\/v2\/users\/1816"}],"replies":[{"embeddable":true,"href":"https:\/\/linitiative.ca\/International\/wp-json\/wp\/v2\/comments?post=112351"}],"version-history":[{"count":0,"href":"https:\/\/linitiative.ca\/International\/wp-json\/wp\/v2\/posts\/112351\/revisions"}],"wp:attachment":[{"href":"https:\/\/linitiative.ca\/International\/wp-json\/wp\/v2\/media?parent=112351"}],"wp:term":[{"taxonomy":"category","embeddable":true,"href":"https:\/\/linitiative.ca\/International\/wp-json\/wp\/v2\/categories?post=112351"},{"taxonomy":"post_tag","embeddable":true,"href":"https:\/\/linitiative.ca\/International\/wp-json\/wp\/v2\/tags?post=112351"}],"curies":[{"name":"wp","href":"https:\/\/api.w.org\/{rel}","templated":true}]}}